{"id":5907,"date":"2025-09-22T03:33:56","date_gmt":"2025-09-22T03:33:56","guid":{"rendered":"https:\/\/www.abchukuk.com\/index.php\/2025\/09\/22\/kartalkaya-davasinin-ikinci-durusmasi-aile-ve-avukatlarin-beklentileri-neler\/"},"modified":"2025-09-22T03:33:56","modified_gmt":"2025-09-22T03:33:56","slug":"kartalkaya-davasinin-ikinci-durusmasi-aile-ve-avukatlarin-beklentileri-neler","status":"publish","type":"post","link":"https:\/\/www.abchukuk.com\/index.php\/2025\/09\/22\/kartalkaya-davasinin-ikinci-durusmasi-aile-ve-avukatlarin-beklentileri-neler\/","title":{"rendered":"Kartalkaya davas\u0131n\u0131n ikinci duru\u015fmas\u0131: Aile ve avukatlar\u0131n beklentileri neler?"},"content":{"rendered":"<p>21 Ocak&#8217;ta 78 ki\u015finin hayat\u0131n\u0131 kaybetti\u011fi Kartalkaya Grand Kartal otel yang\u0131n\u0131 davas\u0131n\u0131n ikinci duru\u015fmas\u0131 22 Eyl\u00fcl&#8217;de ba\u015fl\u0131yor. On dokuzu tutuklu olmak \u00fczere 32 san\u0131\u011f\u0131n yarg\u0131land\u0131\u011f\u0131 dava dosyas\u0131na ilk duru\u015fmadan bu yana kritik deliller girdi.<br \/>\nBolu Cumhuriyet Ba\u015fsavc\u0131l\u0131\u011f\u0131 bu s\u00fcre\u00e7te esas hakk\u0131ndaki m\u00fctalaas\u0131n\u0131 mahkeme heyetine sundu.21 Ocak&#8217;ta 78 ki\u015finin hayat\u0131n\u0131 kaybetti\u011fi Kartalkaya Grand Kartal otel yang\u0131n\u0131 davas\u0131n\u0131n ikinci duru\u015fmas\u0131 22 Eyl\u00fcl&#8217;de ba\u015fl\u0131yor. On dokuzu tutuklu olmak \u00fczere 32 san\u0131\u011f\u0131n yarg\u0131land\u0131\u011f\u0131 dava dosyas\u0131na ilk duru\u015fmadan bu yana kritik deliller girdi.<br \/>\nBolu Cumhuriyet Ba\u015fsavc\u0131l\u0131\u011f\u0131 bu s\u00fcre\u00e7te esas hakk\u0131ndaki m\u00fctalaas\u0131n\u0131 mahkeme heyetine sundu.\u00a0<a href=\"https:\/\/www.bbc.com\/turkce\/articles\/cwy9wwpj4z4o?at_medium=RSS&amp;at_campaign=rss\" target=\"_blank\" class=\"feedzy-rss-link-icon\">Read More<\/a><\/p>","protected":false},"excerpt":{"rendered":"<p>21 Ocak&#8217;ta 78 ki\u015finin hayat\u0131n\u0131 kaybetti\u011fi Kartalkaya Grand Kartal otel yang\u0131n\u0131 davas\u0131n\u0131n ikinci duru\u015fmas\u0131 22 Eyl\u00fcl&#8217;de ba\u015fl\u0131yor. On dokuzu tutuklu olmak \u00fczere 32 san\u0131\u011f\u0131n yarg\u0131land\u0131\u011f\u0131 dava dosyas\u0131na ilk duru\u015fmadan bu yana kritik deliller girdi. Bolu Cumhuriyet Ba\u015fsavc\u0131l\u0131\u011f\u0131 bu s\u00fcre\u00e7te esas hakk\u0131ndaki m\u00fctalaas\u0131n\u0131 mahkeme heyetine sundu.21 Ocak&#8217;ta 78 ki\u015finin hayat\u0131n\u0131 kaybetti\u011fi Kartalkaya Grand Kartal otel yang\u0131n\u0131 [&hellip;]<\/p>\n","protected":false},"author":1,"featured_media":5908,"comment_status":"open","ping_status":"open","sticky":false,"template":"","format":"standard","meta":{"footnotes":"","_links_to":"","_links_to_target":""},"categories":[1],"tags":[],"class_list":["post-5907","post","type-post","status-publish","format-standard","has-post-thumbnail","hentry","category-haberler"],"_links":{"self":[{"href":"https:\/\/www.abchukuk.com\/index.php\/wp-json\/wp\/v2\/posts\/5907","targetHints":{"allow":["GET"]}}],"collection":[{"href":"https:\/\/www.abchukuk.com\/index.php\/wp-json\/wp\/v2\/posts"}],"about":[{"href":"https:\/\/www.abchukuk.com\/index.php\/wp-json\/wp\/v2\/types\/post"}],"author":[{"embeddable":true,"href":"https:\/\/www.abchukuk.com\/index.php\/wp-json\/wp\/v2\/users\/1"}],"replies":[{"embeddable":true,"href":"https:\/\/www.abchukuk.com\/index.php\/wp-json\/wp\/v2\/comments?post=5907"}],"version-history":[{"count":0,"href":"https:\/\/www.abchukuk.com\/index.php\/wp-json\/wp\/v2\/posts\/5907\/revisions"}],"wp:featuredmedia":[{"embeddable":true,"href":"https:\/\/www.abchukuk.com\/index.php\/wp-json\/wp\/v2\/media\/5908"}],"wp:attachment":[{"href":"https:\/\/www.abchukuk.com\/index.php\/wp-json\/wp\/v2\/media?parent=5907"}],"wp:term":[{"taxonomy":"category","embeddable":true,"href":"https:\/\/www.abchukuk.com\/index.php\/wp-json\/wp\/v2\/categories?post=5907"},{"taxonomy":"post_tag","embeddable":true,"href":"https:\/\/www.abchukuk.com\/index.php\/wp-json\/wp\/v2\/tags?post=5907"}],"curies":[{"name":"wp","href":"https:\/\/api.w.org\/{rel}","templated":true}]}}