{"id":5906,"date":"2025-09-21T22:46:19","date_gmt":"2025-09-21T22:46:19","guid":{"rendered":"https:\/\/www.abchukuk.com\/index.php\/2025\/09\/21\/hesabi-odemeyip-rastgele-ates-actilar-3-gozalti\/"},"modified":"2025-09-21T22:46:19","modified_gmt":"2025-09-21T22:46:19","slug":"hesabi-odemeyip-rastgele-ates-actilar-3-gozalti","status":"publish","type":"post","link":"https:\/\/www.abchukuk.com\/index.php\/2025\/09\/21\/hesabi-odemeyip-rastgele-ates-actilar-3-gozalti\/","title":{"rendered":"Hesab\u0131 \u00f6demeyip rastgele ate\u015f a\u00e7t\u0131lar: 3 g\u00f6zalt\u0131"},"content":{"rendered":"<p>Bodrum&#8217;da bir kafeteryada hesab\u0131 \u00f6demeden ka\u00e7an 3 \u015f\u00fcpheli ile \u00e7al\u0131\u015fanlar aras\u0131nda tart\u0131\u015fma \u00e7\u0131kt\u0131. \u015e\u00fcphelilerden biri, tart\u0131\u015fma s\u0131ras\u0131nda silahla rastgele ate\u015f a\u00e7t\u0131. Olayda yaralanan olmazken, 3 \u015f\u00fcpheli g\u00f6zalt\u0131na al\u0131nd\u0131Bodrum&#8217;da bir kafeteryada hesab\u0131 \u00f6demeden ka\u00e7an 3 \u015f\u00fcpheli ile \u00e7al\u0131\u015fanlar aras\u0131nda tart\u0131\u015fma \u00e7\u0131kt\u0131. \u015e\u00fcphelilerden biri, tart\u0131\u015fma s\u0131ras\u0131nda silahla rastgele ate\u015f a\u00e7t\u0131. Olayda yaralanan olmazken, 3 \u015f\u00fcpheli g\u00f6zalt\u0131na al\u0131nd\u0131\u00a0<a href=\"https:\/\/www.haberturk.com\/bodrum-da-hesabi-odemeyip-rastgele-ates-actilar-3-gozalti-3824085\" target=\"_blank\" class=\"feedzy-rss-link-icon\">Read More<\/a><\/p>","protected":false},"excerpt":{"rendered":"<p>Bodrum&#8217;da bir kafeteryada hesab\u0131 \u00f6demeden ka\u00e7an 3 \u015f\u00fcpheli ile \u00e7al\u0131\u015fanlar aras\u0131nda tart\u0131\u015fma \u00e7\u0131kt\u0131. \u015e\u00fcphelilerden biri, tart\u0131\u015fma s\u0131ras\u0131nda silahla rastgele ate\u015f a\u00e7t\u0131. Olayda yaralanan olmazken, 3 \u015f\u00fcpheli g\u00f6zalt\u0131na al\u0131nd\u0131Bodrum&#8217;da bir kafeteryada hesab\u0131 \u00f6demeden ka\u00e7an 3 \u015f\u00fcpheli ile \u00e7al\u0131\u015fanlar aras\u0131nda tart\u0131\u015fma \u00e7\u0131kt\u0131. \u015e\u00fcphelilerden biri, tart\u0131\u015fma s\u0131ras\u0131nda silahla rastgele ate\u015f a\u00e7t\u0131. Olayda yaralanan olmazken, 3 \u015f\u00fcpheli g\u00f6zalt\u0131na al\u0131nd\u0131\u00a0Read [&hellip;]<\/p>\n","protected":false},"author":1,"featured_media":0,"comment_status":"open","ping_status":"open","sticky":false,"template":"","format":"standard","meta":{"footnotes":"","_links_to":"","_links_to_target":""},"categories":[1],"tags":[],"class_list":["post-5906","post","type-post","status-publish","format-standard","hentry","category-haberler"],"_links":{"self":[{"href":"https:\/\/www.abchukuk.com\/index.php\/wp-json\/wp\/v2\/posts\/5906","targetHints":{"allow":["GET"]}}],"collection":[{"href":"https:\/\/www.abchukuk.com\/index.php\/wp-json\/wp\/v2\/posts"}],"about":[{"href":"https:\/\/www.abchukuk.com\/index.php\/wp-json\/wp\/v2\/types\/post"}],"author":[{"embeddable":true,"href":"https:\/\/www.abchukuk.com\/index.php\/wp-json\/wp\/v2\/users\/1"}],"replies":[{"embeddable":true,"href":"https:\/\/www.abchukuk.com\/index.php\/wp-json\/wp\/v2\/comments?post=5906"}],"version-history":[{"count":0,"href":"https:\/\/www.abchukuk.com\/index.php\/wp-json\/wp\/v2\/posts\/5906\/revisions"}],"wp:attachment":[{"href":"https:\/\/www.abchukuk.com\/index.php\/wp-json\/wp\/v2\/media?parent=5906"}],"wp:term":[{"taxonomy":"category","embeddable":true,"href":"https:\/\/www.abchukuk.com\/index.php\/wp-json\/wp\/v2\/categories?post=5906"},{"taxonomy":"post_tag","embeddable":true,"href":"https:\/\/www.abchukuk.com\/index.php\/wp-json\/wp\/v2\/tags?post=5906"}],"curies":[{"name":"wp","href":"https:\/\/api.w.org\/{rel}","templated":true}]}}