{"id":5902,"date":"2025-09-22T01:00:00","date_gmt":"2025-09-22T01:00:00","guid":{"rendered":"https:\/\/www.abchukuk.com\/index.php\/2025\/09\/22\/keske-issiz-kalsaydi-yassiada-hukuk-disi-kaldi\/"},"modified":"2025-09-22T01:00:00","modified_gmt":"2025-09-22T01:00:00","slug":"keske-issiz-kalsaydi-yassiada-hukuk-disi-kaldi","status":"publish","type":"post","link":"https:\/\/www.abchukuk.com\/index.php\/2025\/09\/22\/keske-issiz-kalsaydi-yassiada-hukuk-disi-kaldi\/","title":{"rendered":"Ke\u015fke \u0131ss\u0131z kalsayd\u0131! Yass\u0131ada hukuk d\u0131\u015f\u0131 kald\u0131"},"content":{"rendered":"<p>Yass\u0131ada ve Sivriada, sit alan\u0131 stat\u00fcs\u00fcnden \u00e7\u0131kar\u0131ld\u0131. \u00c7evre ve \u015eehircilik Bakanl\u0131\u011f\u0131 taraf\u0131ndan adalar\u0131n imar oran\u0131 y\u00fczde 5\u2019ten y\u00fczde 65\u2019e \u00e7\u0131kar\u0131ld\u0131. B\u00f6ylece ada, yap\u0131la\u015fmaya a\u00e7\u0131ld\u0131.Yass\u0131ada ve Sivriada, sit alan\u0131 stat\u00fcs\u00fcnden \u00e7\u0131kar\u0131ld\u0131. \u00c7evre ve \u015eehircilik Bakanl\u0131\u011f\u0131 taraf\u0131ndan adalar\u0131n imar oran\u0131 y\u00fczde 5\u2019ten y\u00fczde 65\u2019e \u00e7\u0131kar\u0131ld\u0131. B\u00f6ylece ada, yap\u0131la\u015fmaya a\u00e7\u0131ld\u0131.\u00a0<a href=\"https:\/\/www.cumhuriyet.com.tr\/yazarlar\/jale-ozgenturk\/keske-issiz-kalsaydi-yassiada-hukuk-disi-kaldi-2437095\" target=\"_blank\" class=\"feedzy-rss-link-icon\">Read More<\/a><\/p>","protected":false},"excerpt":{"rendered":"<p>Yass\u0131ada ve Sivriada, sit alan\u0131 stat\u00fcs\u00fcnden \u00e7\u0131kar\u0131ld\u0131. \u00c7evre ve \u015eehircilik Bakanl\u0131\u011f\u0131 taraf\u0131ndan adalar\u0131n imar oran\u0131 y\u00fczde 5\u2019ten y\u00fczde 65\u2019e \u00e7\u0131kar\u0131ld\u0131. B\u00f6ylece ada, yap\u0131la\u015fmaya a\u00e7\u0131ld\u0131.Yass\u0131ada ve Sivriada, sit alan\u0131 stat\u00fcs\u00fcnden \u00e7\u0131kar\u0131ld\u0131. \u00c7evre ve \u015eehircilik Bakanl\u0131\u011f\u0131 taraf\u0131ndan adalar\u0131n imar oran\u0131 y\u00fczde 5\u2019ten y\u00fczde 65\u2019e \u00e7\u0131kar\u0131ld\u0131. B\u00f6ylece ada, yap\u0131la\u015fmaya a\u00e7\u0131ld\u0131.\u00a0Read More<\/p>\n","protected":false},"author":1,"featured_media":5903,"comment_status":"open","ping_status":"open","sticky":false,"template":"","format":"standard","meta":{"footnotes":"","_links_to":"","_links_to_target":""},"categories":[1],"tags":[],"class_list":["post-5902","post","type-post","status-publish","format-standard","has-post-thumbnail","hentry","category-haberler"],"_links":{"self":[{"href":"https:\/\/www.abchukuk.com\/index.php\/wp-json\/wp\/v2\/posts\/5902","targetHints":{"allow":["GET"]}}],"collection":[{"href":"https:\/\/www.abchukuk.com\/index.php\/wp-json\/wp\/v2\/posts"}],"about":[{"href":"https:\/\/www.abchukuk.com\/index.php\/wp-json\/wp\/v2\/types\/post"}],"author":[{"embeddable":true,"href":"https:\/\/www.abchukuk.com\/index.php\/wp-json\/wp\/v2\/users\/1"}],"replies":[{"embeddable":true,"href":"https:\/\/www.abchukuk.com\/index.php\/wp-json\/wp\/v2\/comments?post=5902"}],"version-history":[{"count":0,"href":"https:\/\/www.abchukuk.com\/index.php\/wp-json\/wp\/v2\/posts\/5902\/revisions"}],"wp:featuredmedia":[{"embeddable":true,"href":"https:\/\/www.abchukuk.com\/index.php\/wp-json\/wp\/v2\/media\/5903"}],"wp:attachment":[{"href":"https:\/\/www.abchukuk.com\/index.php\/wp-json\/wp\/v2\/media?parent=5902"}],"wp:term":[{"taxonomy":"category","embeddable":true,"href":"https:\/\/www.abchukuk.com\/index.php\/wp-json\/wp\/v2\/categories?post=5902"},{"taxonomy":"post_tag","embeddable":true,"href":"https:\/\/www.abchukuk.com\/index.php\/wp-json\/wp\/v2\/tags?post=5902"}],"curies":[{"name":"wp","href":"https:\/\/api.w.org\/{rel}","templated":true}]}}