{"id":5899,"date":"2025-09-21T21:01:58","date_gmt":"2025-09-21T21:01:58","guid":{"rendered":"https:\/\/www.abchukuk.com\/index.php\/2025\/09\/21\/22-eylul-2025-resmi-gazete-yayimlandi\/"},"modified":"2025-09-21T21:01:58","modified_gmt":"2025-09-21T21:01:58","slug":"22-eylul-2025-resmi-gazete-yayimlandi","status":"publish","type":"post","link":"https:\/\/www.abchukuk.com\/index.php\/2025\/09\/21\/22-eylul-2025-resmi-gazete-yayimlandi\/","title":{"rendered":"22 Eyl\u00fcl 2025 Resmi Gazete yay\u0131mland\u0131"},"content":{"rendered":"<p>22 Eyl\u00fcl 2025 Pazartesi tarihli Resm\u00ee Gazete yay\u0131mlanarak eri\u015fime a\u00e7\u0131ld\u0131. Cumhurba\u015fkan\u0131 Erdo\u011fan\u2019\u0131n onay\u0131yla duyurulan kararlar, sabah\u0131n erken saatlerinden itibaren g\u00fcndemin \u00f6ne \u00e7\u0131kan ba\u015fl\u0131klar\u0131 aras\u0131na girdi. Toplumun farkl\u0131 kesimlerini ilgilendiren d\u00fczenlemeler, her zamanki gibi gece yar\u0131s\u0131ndan sonra yay\u0131mland\u0131. Peki, \u201cResm\u00ee Gazete\u2019de hangi kararlar yer ald\u0131?\u201d \u0130\u015fte, 22 Eyl\u00fcl 2025 Pazartesi g\u00fcn\u00fcne ait Resm\u00ee Gazete kararlar\u0131n\u0131n ayr\u0131nt\u0131lar\u0131\u202622 Eyl\u00fcl 2025 Pazartesi tarihli Resm\u00ee Gazete yay\u0131mlanarak eri\u015fime a\u00e7\u0131ld\u0131. Cumhurba\u015fkan\u0131 Erdo\u011fan\u2019\u0131n onay\u0131yla duyurulan kararlar, sabah\u0131n erken saatlerinden itibaren g\u00fcndemin \u00f6ne \u00e7\u0131kan ba\u015fl\u0131klar\u0131 aras\u0131na girdi. Toplumun farkl\u0131 kesimlerini ilgilendiren d\u00fczenlemeler, her zamanki gibi gece yar\u0131s\u0131ndan sonra yay\u0131mland\u0131. Peki, \u201cResm\u00ee Gazete\u2019de hangi kararlar yer ald\u0131?\u201d \u0130\u015fte, 22 Eyl\u00fcl 2025 Pazartesi g\u00fcn\u00fcne ait Resm\u00ee Gazete kararlar\u0131n\u0131n ayr\u0131nt\u0131lar\u0131\u2026\u00a0<a href=\"https:\/\/www.haberturk.com\/22-eylul-2025-pazartesi-resmi-gazete-yayimlandi-iste-resmi-gazete-de-alinan-kararlar-ve-yonetmelikler-3824058\" target=\"_blank\" class=\"feedzy-rss-link-icon\">Read More<\/a><\/p>","protected":false},"excerpt":{"rendered":"<p>22 Eyl\u00fcl 2025 Pazartesi tarihli Resm\u00ee Gazete yay\u0131mlanarak eri\u015fime a\u00e7\u0131ld\u0131. Cumhurba\u015fkan\u0131 Erdo\u011fan\u2019\u0131n onay\u0131yla duyurulan kararlar, sabah\u0131n erken saatlerinden itibaren g\u00fcndemin \u00f6ne \u00e7\u0131kan ba\u015fl\u0131klar\u0131 aras\u0131na girdi. Toplumun farkl\u0131 kesimlerini ilgilendiren d\u00fczenlemeler, her zamanki gibi gece yar\u0131s\u0131ndan sonra yay\u0131mland\u0131. Peki, \u201cResm\u00ee Gazete\u2019de hangi kararlar yer ald\u0131?\u201d \u0130\u015fte, 22 Eyl\u00fcl 2025 Pazartesi g\u00fcn\u00fcne ait Resm\u00ee Gazete kararlar\u0131n\u0131n ayr\u0131nt\u0131lar\u0131\u202622 [&hellip;]<\/p>\n","protected":false},"author":1,"featured_media":0,"comment_status":"open","ping_status":"open","sticky":false,"template":"","format":"standard","meta":{"footnotes":"","_links_to":"","_links_to_target":""},"categories":[1],"tags":[],"class_list":["post-5899","post","type-post","status-publish","format-standard","hentry","category-haberler"],"_links":{"self":[{"href":"https:\/\/www.abchukuk.com\/index.php\/wp-json\/wp\/v2\/posts\/5899","targetHints":{"allow":["GET"]}}],"collection":[{"href":"https:\/\/www.abchukuk.com\/index.php\/wp-json\/wp\/v2\/posts"}],"about":[{"href":"https:\/\/www.abchukuk.com\/index.php\/wp-json\/wp\/v2\/types\/post"}],"author":[{"embeddable":true,"href":"https:\/\/www.abchukuk.com\/index.php\/wp-json\/wp\/v2\/users\/1"}],"replies":[{"embeddable":true,"href":"https:\/\/www.abchukuk.com\/index.php\/wp-json\/wp\/v2\/comments?post=5899"}],"version-history":[{"count":0,"href":"https:\/\/www.abchukuk.com\/index.php\/wp-json\/wp\/v2\/posts\/5899\/revisions"}],"wp:attachment":[{"href":"https:\/\/www.abchukuk.com\/index.php\/wp-json\/wp\/v2\/media?parent=5899"}],"wp:term":[{"taxonomy":"category","embeddable":true,"href":"https:\/\/www.abchukuk.com\/index.php\/wp-json\/wp\/v2\/categories?post=5899"},{"taxonomy":"post_tag","embeddable":true,"href":"https:\/\/www.abchukuk.com\/index.php\/wp-json\/wp\/v2\/tags?post=5899"}],"curies":[{"name":"wp","href":"https:\/\/api.w.org\/{rel}","templated":true}]}}