{"id":5897,"date":"2025-09-21T22:04:00","date_gmt":"2025-09-21T22:04:00","guid":{"rendered":"https:\/\/www.abchukuk.com\/index.php\/2025\/09\/21\/yarginin-gundemi-chp-ozgur-celik-ve-genclik-kollari-baskani-hakim-karsisina-cikiyor\/"},"modified":"2025-09-21T22:04:00","modified_gmt":"2025-09-21T22:04:00","slug":"yarginin-gundemi-chp-ozgur-celik-ve-genclik-kollari-baskani-hakim-karsisina-cikiyor","status":"publish","type":"post","link":"https:\/\/www.abchukuk.com\/index.php\/2025\/09\/21\/yarginin-gundemi-chp-ozgur-celik-ve-genclik-kollari-baskani-hakim-karsisina-cikiyor\/","title":{"rendered":"Yarg\u0131n\u0131n g\u00fcndemi CHP: \u00d6zg\u00fcr \u00c7elik ve Gen\u00e7lik Kollar\u0131 Ba\u015fkan\u0131 hakim kar\u015f\u0131s\u0131na \u00e7\u0131k\u0131yor"},"content":{"rendered":"<p>CHP \u0130stanbul \u0130l Ba\u015fkan\u0131 \u00d6zg\u00fcr \u00c7elik, Gen\u00e7lik Kollar\u0131 Ba\u015fkan\u0131 Erdem Kara ve aralar\u0131nda CHP il\u00e7e ba\u015fkanlar\u0131 ile y\u00f6neticilerinin de oldu\u011fu 26 ki\u015fi  bug\u00fcn \u00c7a\u011flayan Adliyesi\u2019nde hakim kar\u015f\u0131s\u0131na \u00e7\u0131k\u0131yor. Duru\u015fmay\u0131 CHP lideri \u00d6zg\u00fcr \u00d6zel de salonda takip edecek.CHP \u0130stanbul \u0130l Ba\u015fkan\u0131 \u00d6zg\u00fcr \u00c7elik, Gen\u00e7lik Kollar\u0131 Ba\u015fkan\u0131 Erdem Kara ve aralar\u0131nda CHP il\u00e7e ba\u015fkanlar\u0131 ile y\u00f6neticilerinin de oldu\u011fu 26 ki\u015fi  bug\u00fcn \u00c7a\u011flayan Adliyesi\u2019nde hakim kar\u015f\u0131s\u0131na \u00e7\u0131k\u0131yor. Duru\u015fmay\u0131 CHP lideri \u00d6zg\u00fcr \u00d6zel de salonda takip edecek.\u00a0<a href=\"https:\/\/www.cumhuriyet.com.tr\/turkiye\/yarginin-gundemi-chp-ozgur-celik-ve-genclik-kollari-baskani-hakim-karsisina-cikiyor-2437125\" target=\"_blank\" class=\"feedzy-rss-link-icon\">Read More<\/a><\/p>","protected":false},"excerpt":{"rendered":"<p>CHP \u0130stanbul \u0130l Ba\u015fkan\u0131 \u00d6zg\u00fcr \u00c7elik, Gen\u00e7lik Kollar\u0131 Ba\u015fkan\u0131 Erdem Kara ve aralar\u0131nda CHP il\u00e7e ba\u015fkanlar\u0131 ile y\u00f6neticilerinin de oldu\u011fu 26 ki\u015fi bug\u00fcn \u00c7a\u011flayan Adliyesi\u2019nde hakim kar\u015f\u0131s\u0131na \u00e7\u0131k\u0131yor. Duru\u015fmay\u0131 CHP lideri \u00d6zg\u00fcr \u00d6zel de salonda takip edecek.CHP \u0130stanbul \u0130l Ba\u015fkan\u0131 \u00d6zg\u00fcr \u00c7elik, Gen\u00e7lik Kollar\u0131 Ba\u015fkan\u0131 Erdem Kara ve aralar\u0131nda CHP il\u00e7e ba\u015fkanlar\u0131 ile y\u00f6neticilerinin de [&hellip;]<\/p>\n","protected":false},"author":1,"featured_media":5898,"comment_status":"open","ping_status":"open","sticky":false,"template":"","format":"standard","meta":{"footnotes":"","_links_to":"","_links_to_target":""},"categories":[1],"tags":[],"class_list":["post-5897","post","type-post","status-publish","format-standard","has-post-thumbnail","hentry","category-haberler"],"_links":{"self":[{"href":"https:\/\/www.abchukuk.com\/index.php\/wp-json\/wp\/v2\/posts\/5897","targetHints":{"allow":["GET"]}}],"collection":[{"href":"https:\/\/www.abchukuk.com\/index.php\/wp-json\/wp\/v2\/posts"}],"about":[{"href":"https:\/\/www.abchukuk.com\/index.php\/wp-json\/wp\/v2\/types\/post"}],"author":[{"embeddable":true,"href":"https:\/\/www.abchukuk.com\/index.php\/wp-json\/wp\/v2\/users\/1"}],"replies":[{"embeddable":true,"href":"https:\/\/www.abchukuk.com\/index.php\/wp-json\/wp\/v2\/comments?post=5897"}],"version-history":[{"count":0,"href":"https:\/\/www.abchukuk.com\/index.php\/wp-json\/wp\/v2\/posts\/5897\/revisions"}],"wp:featuredmedia":[{"embeddable":true,"href":"https:\/\/www.abchukuk.com\/index.php\/wp-json\/wp\/v2\/media\/5898"}],"wp:attachment":[{"href":"https:\/\/www.abchukuk.com\/index.php\/wp-json\/wp\/v2\/media?parent=5897"}],"wp:term":[{"taxonomy":"category","embeddable":true,"href":"https:\/\/www.abchukuk.com\/index.php\/wp-json\/wp\/v2\/categories?post=5897"},{"taxonomy":"post_tag","embeddable":true,"href":"https:\/\/www.abchukuk.com\/index.php\/wp-json\/wp\/v2\/tags?post=5897"}],"curies":[{"name":"wp","href":"https:\/\/api.w.org\/{rel}","templated":true}]}}