{"id":5896,"date":"2025-09-21T21:59:31","date_gmt":"2025-09-21T21:59:31","guid":{"rendered":"https:\/\/www.abchukuk.com\/index.php\/2025\/09\/21\/abd-menseli-bazi-urunlere-ek-vergi-kaldirildi-karar-resmi-gazetede-yayimlandi\/"},"modified":"2025-09-21T21:59:31","modified_gmt":"2025-09-21T21:59:31","slug":"abd-menseli-bazi-urunlere-ek-vergi-kaldirildi-karar-resmi-gazetede-yayimlandi","status":"publish","type":"post","link":"https:\/\/www.abchukuk.com\/index.php\/2025\/09\/21\/abd-menseli-bazi-urunlere-ek-vergi-kaldirildi-karar-resmi-gazetede-yayimlandi\/","title":{"rendered":"ABD men\u015feli baz\u0131 \u00fcr\u00fcnlere ek vergi kald\u0131r\u0131ld\u0131: Karar Resmi Gazete&#8217;de yay\u0131mland\u0131"},"content":{"rendered":"<p>Resmi Gazete\u2019de yay\u0131mlanan Cumhurba\u015fkan\u0131 karar\u0131yla, 2018 y\u0131l\u0131nda ABD men\u015feli baz\u0131 \u00fcr\u00fcnlere getirilen ek vergi uygulamas\u0131 kald\u0131r\u0131ld\u0131. D\u00fczenleme, alkoll\u00fc i\u00e7ecekler, binek otomobiller, yaprak t\u00fct\u00fcn ve makyaj malzemelerinin de aralar\u0131nda oldu\u011fu \u00e7ok say\u0131da \u00fcr\u00fcn\u00fc kaps\u0131yor.Resmi Gazete\u2019de yay\u0131mlanan Cumhurba\u015fkan\u0131 karar\u0131yla, 2018 y\u0131l\u0131nda ABD men\u015feli baz\u0131 \u00fcr\u00fcnlere getirilen ek vergi uygulamas\u0131 kald\u0131r\u0131ld\u0131. D\u00fczenleme, alkoll\u00fc i\u00e7ecekler, binek otomobiller, yaprak t\u00fct\u00fcn ve makyaj malzemelerinin de aralar\u0131nda oldu\u011fu \u00e7ok say\u0131da \u00fcr\u00fcn\u00fc kaps\u0131yor.\u00a0<a href=\"https:\/\/anlatilaninotesi.com.tr\/20250922\/abd-menseli-bazi-urunlere-ek-vergi-kaldirildi-karar-resmi-gazetede-yayimlandi-1099556344.html\" target=\"_blank\" class=\"feedzy-rss-link-icon\">Read More<\/a><\/p>","protected":false},"excerpt":{"rendered":"<p>Resmi Gazete\u2019de yay\u0131mlanan Cumhurba\u015fkan\u0131 karar\u0131yla, 2018 y\u0131l\u0131nda ABD men\u015feli baz\u0131 \u00fcr\u00fcnlere getirilen ek vergi uygulamas\u0131 kald\u0131r\u0131ld\u0131. D\u00fczenleme, alkoll\u00fc i\u00e7ecekler, binek otomobiller, yaprak t\u00fct\u00fcn ve makyaj malzemelerinin de aralar\u0131nda oldu\u011fu \u00e7ok say\u0131da \u00fcr\u00fcn\u00fc kaps\u0131yor.Resmi Gazete\u2019de yay\u0131mlanan Cumhurba\u015fkan\u0131 karar\u0131yla, 2018 y\u0131l\u0131nda ABD men\u015feli baz\u0131 \u00fcr\u00fcnlere getirilen ek vergi uygulamas\u0131 kald\u0131r\u0131ld\u0131. D\u00fczenleme, alkoll\u00fc i\u00e7ecekler, binek otomobiller, yaprak t\u00fct\u00fcn [&hellip;]<\/p>\n","protected":false},"author":1,"featured_media":0,"comment_status":"open","ping_status":"open","sticky":false,"template":"","format":"standard","meta":{"footnotes":"","_links_to":"","_links_to_target":""},"categories":[1],"tags":[],"class_list":["post-5896","post","type-post","status-publish","format-standard","hentry","category-haberler"],"_links":{"self":[{"href":"https:\/\/www.abchukuk.com\/index.php\/wp-json\/wp\/v2\/posts\/5896","targetHints":{"allow":["GET"]}}],"collection":[{"href":"https:\/\/www.abchukuk.com\/index.php\/wp-json\/wp\/v2\/posts"}],"about":[{"href":"https:\/\/www.abchukuk.com\/index.php\/wp-json\/wp\/v2\/types\/post"}],"author":[{"embeddable":true,"href":"https:\/\/www.abchukuk.com\/index.php\/wp-json\/wp\/v2\/users\/1"}],"replies":[{"embeddable":true,"href":"https:\/\/www.abchukuk.com\/index.php\/wp-json\/wp\/v2\/comments?post=5896"}],"version-history":[{"count":0,"href":"https:\/\/www.abchukuk.com\/index.php\/wp-json\/wp\/v2\/posts\/5896\/revisions"}],"wp:attachment":[{"href":"https:\/\/www.abchukuk.com\/index.php\/wp-json\/wp\/v2\/media?parent=5896"}],"wp:term":[{"taxonomy":"category","embeddable":true,"href":"https:\/\/www.abchukuk.com\/index.php\/wp-json\/wp\/v2\/categories?post=5896"},{"taxonomy":"post_tag","embeddable":true,"href":"https:\/\/www.abchukuk.com\/index.php\/wp-json\/wp\/v2\/tags?post=5896"}],"curies":[{"name":"wp","href":"https:\/\/api.w.org\/{rel}","templated":true}]}}