{"id":5883,"date":"2025-09-21T09:20:00","date_gmt":"2025-09-21T09:20:00","guid":{"rendered":"https:\/\/www.abchukuk.com\/index.php\/2025\/09\/21\/israilli-arap-milletvekili-gozaltina-alindi-7-ekim-aciklamalari-sorusturma-konusu-oldu\/"},"modified":"2025-09-21T09:20:00","modified_gmt":"2025-09-21T09:20:00","slug":"israilli-arap-milletvekili-gozaltina-alindi-7-ekim-aciklamalari-sorusturma-konusu-oldu","status":"publish","type":"post","link":"https:\/\/www.abchukuk.com\/index.php\/2025\/09\/21\/israilli-arap-milletvekili-gozaltina-alindi-7-ekim-aciklamalari-sorusturma-konusu-oldu\/","title":{"rendered":"\u0130srailli Arap milletvekili g\u00f6zalt\u0131na al\u0131nd\u0131: 7 Ekim a\u00e7\u0131klamalar\u0131 soru\u015fturma konusu oldu"},"content":{"rendered":"<p>\u0130srailli eski Balad milletvekili Haneen Zoabi, yurt d\u0131\u015f\u0131nda yapt\u0131\u011f\u0131 bir konu\u015fmada Hamas\u2019\u0131 savundu\u011fu ve \u201cter\u00f6r \u00f6rg\u00fct\u00fcne destek\u201d verdi\u011fi iddias\u0131yla \u0130srail polisi taraf\u0131ndan g\u00f6zalt\u0131na al\u0131nd\u0131.\u0130srailli eski Balad milletvekili Haneen Zoabi, yurt d\u0131\u015f\u0131nda yapt\u0131\u011f\u0131 bir konu\u015fmada Hamas\u2019\u0131 savundu\u011fu ve \u201cter\u00f6r \u00f6rg\u00fct\u00fcne destek\u201d verdi\u011fi iddias\u0131yla \u0130srail polisi taraf\u0131ndan g\u00f6zalt\u0131na al\u0131nd\u0131.\u00a0<a href=\"https:\/\/www.cumhuriyet.com.tr\/dunya\/israilli-arap-milletvekili-gozaltina-alindi-7-ekim-aciklamalari-sorusturma-konusu-oldu-2436948\" target=\"_blank\" class=\"feedzy-rss-link-icon\">Read More<\/a><\/p>","protected":false},"excerpt":{"rendered":"<p>\u0130srailli eski Balad milletvekili Haneen Zoabi, yurt d\u0131\u015f\u0131nda yapt\u0131\u011f\u0131 bir konu\u015fmada Hamas\u2019\u0131 savundu\u011fu ve \u201cter\u00f6r \u00f6rg\u00fct\u00fcne destek\u201d verdi\u011fi iddias\u0131yla \u0130srail polisi taraf\u0131ndan g\u00f6zalt\u0131na al\u0131nd\u0131.\u0130srailli eski Balad milletvekili Haneen Zoabi, yurt d\u0131\u015f\u0131nda yapt\u0131\u011f\u0131 bir konu\u015fmada Hamas\u2019\u0131 savundu\u011fu ve \u201cter\u00f6r \u00f6rg\u00fct\u00fcne destek\u201d verdi\u011fi iddias\u0131yla \u0130srail polisi taraf\u0131ndan g\u00f6zalt\u0131na al\u0131nd\u0131.\u00a0Read More<\/p>\n","protected":false},"author":1,"featured_media":5884,"comment_status":"open","ping_status":"open","sticky":false,"template":"","format":"standard","meta":{"footnotes":"","_links_to":"","_links_to_target":""},"categories":[1],"tags":[],"class_list":["post-5883","post","type-post","status-publish","format-standard","has-post-thumbnail","hentry","category-haberler"],"_links":{"self":[{"href":"https:\/\/www.abchukuk.com\/index.php\/wp-json\/wp\/v2\/posts\/5883","targetHints":{"allow":["GET"]}}],"collection":[{"href":"https:\/\/www.abchukuk.com\/index.php\/wp-json\/wp\/v2\/posts"}],"about":[{"href":"https:\/\/www.abchukuk.com\/index.php\/wp-json\/wp\/v2\/types\/post"}],"author":[{"embeddable":true,"href":"https:\/\/www.abchukuk.com\/index.php\/wp-json\/wp\/v2\/users\/1"}],"replies":[{"embeddable":true,"href":"https:\/\/www.abchukuk.com\/index.php\/wp-json\/wp\/v2\/comments?post=5883"}],"version-history":[{"count":0,"href":"https:\/\/www.abchukuk.com\/index.php\/wp-json\/wp\/v2\/posts\/5883\/revisions"}],"wp:featuredmedia":[{"embeddable":true,"href":"https:\/\/www.abchukuk.com\/index.php\/wp-json\/wp\/v2\/media\/5884"}],"wp:attachment":[{"href":"https:\/\/www.abchukuk.com\/index.php\/wp-json\/wp\/v2\/media?parent=5883"}],"wp:term":[{"taxonomy":"category","embeddable":true,"href":"https:\/\/www.abchukuk.com\/index.php\/wp-json\/wp\/v2\/categories?post=5883"},{"taxonomy":"post_tag","embeddable":true,"href":"https:\/\/www.abchukuk.com\/index.php\/wp-json\/wp\/v2\/tags?post=5883"}],"curies":[{"name":"wp","href":"https:\/\/api.w.org\/{rel}","templated":true}]}}