{"id":5881,"date":"2025-09-21T09:22:09","date_gmt":"2025-09-21T09:22:09","guid":{"rendered":"https:\/\/www.abchukuk.com\/index.php\/2025\/09\/21\/turkiyenin-konustugu-tutuklu-albay-orkun-ozeller-konustu-burasi-bana-bes-yildizli-otel\/"},"modified":"2025-09-21T09:22:09","modified_gmt":"2025-09-21T09:22:09","slug":"turkiyenin-konustugu-tutuklu-albay-orkun-ozeller-konustu-burasi-bana-bes-yildizli-otel","status":"publish","type":"post","link":"https:\/\/www.abchukuk.com\/index.php\/2025\/09\/21\/turkiyenin-konustugu-tutuklu-albay-orkun-ozeller-konustu-burasi-bana-bes-yildizli-otel\/","title":{"rendered":"T\u00fcrkiye&#8217;nin Konu\u015ftu\u011fu Tutuklu Albay Orkun \u00d6zeller Konu\u015ftu: &#8216;Buras\u0131 Bana Be\u015f Y\u0131ld\u0131zl\u0131 Otel&#8217;"},"content":{"rendered":"<p><a href=\"https:\/\/www.gercekgundem.com\/guncel\/turkiyenin-konustugu-tutuklu-albay-orkun-ozeller-konustu-burasi-bana-bes-yildizli-otel-556272\"><br \/>\n                                                            <img decoding=\"async\" src=\"https:\/\/i.gercekgundem.com\/2\/150\/84\/storage\/files\/images\/2025\/09\/21\/turkiyenin-konustugu-tutuklu-albay-orkun-ozeller-konustu-burasi-bana-bes-yildizli-otel-xqsv.jpg\" width=\"150\" height=\"84\" border=\"0\" align=\"right\" \/><br \/>\n                                                    <\/a><\/p>\n<h4>D\u00f6rt g\u00fcn \u00f6nce &#8220;hakaret&#8221; ve &#8220;halk\u0131 kin ve d\u00fc\u015fmanl\u0131\u011fa tahrik&#8221; su\u00e7lamas\u0131yla tutuklanan emekli albay Orkun \u00d6zeller, cezaevinde ya\u015fad\u0131klar\u0131n\u0131 anlatt\u0131. \u00d6zeller, kendisini daha da g\u00fc\u00e7l\u00fc hissetti\u011fini s\u00f6yleyerek &#8220;Dibi kirden tamamen sararm\u0131\u015f bir tastan su i\u00e7tim. Lakin beni etkilemez. Ben da\u011fda, tepede ya\u015fad\u0131m. Buras\u0131 bana be\u015f y\u0131ld\u0131zl\u0131 otel gibi gelir&#8221; dedi.<\/h4>\n<p>D\u00f6rt g\u00fcn \u00f6nce &#8220;hakaret&#8221; ve &#8220;halk\u0131 kin ve d\u00fc\u015fmanl\u0131\u011fa tahrik&#8221; su\u00e7lamas\u0131yla tutuklanan emekli albay Orkun \u00d6zeller, cezaevinde ya\u015fad\u0131klar\u0131n\u0131 anlatt\u0131. \u00d6zeller, kendisini daha da g\u00fc\u00e7l\u00fc hissetti\u011fini s\u00f6yleyerek &#8220;Dibi kirden tamamen sararm\u0131\u015f bir tastan su i\u00e7tim. Lakin beni etkilemez. Ben da\u011fda, tepede ya\u015fad\u0131m. Buras\u0131 bana be\u015f y\u0131ld\u0131zl\u0131 otel gibi gelir&#8221; dedi.\u00a0<a href=\"https:\/\/www.gercekgundem.com\/guncel\/turkiyenin-konustugu-tutuklu-albay-orkun-ozeller-konustu-burasi-bana-bes-yildizli-otel-556272\" target=\"_blank\" class=\"feedzy-rss-link-icon\">Read More<\/a><\/p>","protected":false},"excerpt":{"rendered":"<p>D\u00f6rt g\u00fcn \u00f6nce &#8220;hakaret&#8221; ve &#8220;halk\u0131 kin ve d\u00fc\u015fmanl\u0131\u011fa tahrik&#8221; su\u00e7lamas\u0131yla tutuklanan emekli albay Orkun \u00d6zeller, cezaevinde ya\u015fad\u0131klar\u0131n\u0131 anlatt\u0131. \u00d6zeller, kendisini daha da g\u00fc\u00e7l\u00fc hissetti\u011fini s\u00f6yleyerek &#8220;Dibi kirden tamamen sararm\u0131\u015f bir tastan su i\u00e7tim. Lakin beni etkilemez. Ben da\u011fda, tepede ya\u015fad\u0131m. Buras\u0131 bana be\u015f y\u0131ld\u0131zl\u0131 otel gibi gelir&#8221; dedi. D\u00f6rt g\u00fcn \u00f6nce &#8220;hakaret&#8221; ve &#8220;halk\u0131 [&hellip;]<\/p>\n","protected":false},"author":1,"featured_media":5882,"comment_status":"open","ping_status":"open","sticky":false,"template":"","format":"standard","meta":{"footnotes":"","_links_to":"","_links_to_target":""},"categories":[1],"tags":[],"class_list":["post-5881","post","type-post","status-publish","format-standard","has-post-thumbnail","hentry","category-haberler"],"_links":{"self":[{"href":"https:\/\/www.abchukuk.com\/index.php\/wp-json\/wp\/v2\/posts\/5881","targetHints":{"allow":["GET"]}}],"collection":[{"href":"https:\/\/www.abchukuk.com\/index.php\/wp-json\/wp\/v2\/posts"}],"about":[{"href":"https:\/\/www.abchukuk.com\/index.php\/wp-json\/wp\/v2\/types\/post"}],"author":[{"embeddable":true,"href":"https:\/\/www.abchukuk.com\/index.php\/wp-json\/wp\/v2\/users\/1"}],"replies":[{"embeddable":true,"href":"https:\/\/www.abchukuk.com\/index.php\/wp-json\/wp\/v2\/comments?post=5881"}],"version-history":[{"count":0,"href":"https:\/\/www.abchukuk.com\/index.php\/wp-json\/wp\/v2\/posts\/5881\/revisions"}],"wp:featuredmedia":[{"embeddable":true,"href":"https:\/\/www.abchukuk.com\/index.php\/wp-json\/wp\/v2\/media\/5882"}],"wp:attachment":[{"href":"https:\/\/www.abchukuk.com\/index.php\/wp-json\/wp\/v2\/media?parent=5881"}],"wp:term":[{"taxonomy":"category","embeddable":true,"href":"https:\/\/www.abchukuk.com\/index.php\/wp-json\/wp\/v2\/categories?post=5881"},{"taxonomy":"post_tag","embeddable":true,"href":"https:\/\/www.abchukuk.com\/index.php\/wp-json\/wp\/v2\/tags?post=5881"}],"curies":[{"name":"wp","href":"https:\/\/api.w.org\/{rel}","templated":true}]}}