{"id":5877,"date":"2025-09-21T09:43:00","date_gmt":"2025-09-21T09:43:00","guid":{"rendered":"https:\/\/www.abchukuk.com\/index.php\/2025\/09\/21\/adalet-bakanligi-maas-promosyonu-yatti-mi-ne-zaman-yatacak-teklif-ne-kadar\/"},"modified":"2025-09-21T09:43:00","modified_gmt":"2025-09-21T09:43:00","slug":"adalet-bakanligi-maas-promosyonu-yatti-mi-ne-zaman-yatacak-teklif-ne-kadar","status":"publish","type":"post","link":"https:\/\/www.abchukuk.com\/index.php\/2025\/09\/21\/adalet-bakanligi-maas-promosyonu-yatti-mi-ne-zaman-yatacak-teklif-ne-kadar\/","title":{"rendered":"Adalet Bakanl\u0131\u011f\u0131 maa\u015f promosyonu yatt\u0131 m\u0131, ne zaman yatacak? Teklif ne kadar?"},"content":{"rendered":"<p>Adalet Bakanl\u0131\u011f\u0131 maa\u015f promosyonunda s\u00fcre\u00e7 sona erdi. Vak\u0131fbank&#8217;\u0131n son teklifi kabul edildi ve \u015fimdi promosyonlar\u0131n yataca\u011f\u0131 tarih merak ediliyor. On binlerce ki\u015fi her g\u00fcn konuyla ilgili bilgi almaya \u00e7al\u0131\u015f\u0131rken s\u0131k\u00e7a &#8220;Adalet Bakanl\u0131\u011f\u0131 maa\u015f promosyonu ne zaman yatacak&#8221; sorusu geliyor.Adalet Bakanl\u0131\u011f\u0131 maa\u015f promosyonunda s\u00fcre\u00e7 sona erdi. Vak\u0131fbank&#8217;\u0131n son teklifi kabul edildi ve \u015fimdi promosyonlar\u0131n yataca\u011f\u0131 tarih merak ediliyor. On binlerce ki\u015fi her g\u00fcn konuyla ilgili bilgi almaya \u00e7al\u0131\u015f\u0131rken s\u0131k\u00e7a &#8220;Adalet Bakanl\u0131\u011f\u0131 maa\u015f promosyonu ne zaman yatacak&#8221; sorusu geliyor.\u00a0<a href=\"https:\/\/www.dunya.com\/foto-galeri\/gundem\/adalet-bakanligi-maas-promosyonu-yatti-mi-ne-zaman-yatacak-teklif-ne-kadar-galeri-794988\" target=\"_blank\" class=\"feedzy-rss-link-icon\">Read More<\/a><\/p>","protected":false},"excerpt":{"rendered":"<p>Adalet Bakanl\u0131\u011f\u0131 maa\u015f promosyonunda s\u00fcre\u00e7 sona erdi. Vak\u0131fbank&#8217;\u0131n son teklifi kabul edildi ve \u015fimdi promosyonlar\u0131n yataca\u011f\u0131 tarih merak ediliyor. On binlerce ki\u015fi her g\u00fcn konuyla ilgili bilgi almaya \u00e7al\u0131\u015f\u0131rken s\u0131k\u00e7a &#8220;Adalet Bakanl\u0131\u011f\u0131 maa\u015f promosyonu ne zaman yatacak&#8221; sorusu geliyor.Adalet Bakanl\u0131\u011f\u0131 maa\u015f promosyonunda s\u00fcre\u00e7 sona erdi. Vak\u0131fbank&#8217;\u0131n son teklifi kabul edildi ve \u015fimdi promosyonlar\u0131n yataca\u011f\u0131 tarih [&hellip;]<\/p>\n","protected":false},"author":1,"featured_media":5878,"comment_status":"open","ping_status":"open","sticky":false,"template":"","format":"standard","meta":{"footnotes":"","_links_to":"","_links_to_target":""},"categories":[1],"tags":[],"class_list":["post-5877","post","type-post","status-publish","format-standard","has-post-thumbnail","hentry","category-haberler"],"_links":{"self":[{"href":"https:\/\/www.abchukuk.com\/index.php\/wp-json\/wp\/v2\/posts\/5877","targetHints":{"allow":["GET"]}}],"collection":[{"href":"https:\/\/www.abchukuk.com\/index.php\/wp-json\/wp\/v2\/posts"}],"about":[{"href":"https:\/\/www.abchukuk.com\/index.php\/wp-json\/wp\/v2\/types\/post"}],"author":[{"embeddable":true,"href":"https:\/\/www.abchukuk.com\/index.php\/wp-json\/wp\/v2\/users\/1"}],"replies":[{"embeddable":true,"href":"https:\/\/www.abchukuk.com\/index.php\/wp-json\/wp\/v2\/comments?post=5877"}],"version-history":[{"count":0,"href":"https:\/\/www.abchukuk.com\/index.php\/wp-json\/wp\/v2\/posts\/5877\/revisions"}],"wp:featuredmedia":[{"embeddable":true,"href":"https:\/\/www.abchukuk.com\/index.php\/wp-json\/wp\/v2\/media\/5878"}],"wp:attachment":[{"href":"https:\/\/www.abchukuk.com\/index.php\/wp-json\/wp\/v2\/media?parent=5877"}],"wp:term":[{"taxonomy":"category","embeddable":true,"href":"https:\/\/www.abchukuk.com\/index.php\/wp-json\/wp\/v2\/categories?post=5877"},{"taxonomy":"post_tag","embeddable":true,"href":"https:\/\/www.abchukuk.com\/index.php\/wp-json\/wp\/v2\/tags?post=5877"}],"curies":[{"name":"wp","href":"https:\/\/api.w.org\/{rel}","templated":true}]}}