{"id":5874,"date":"2025-09-21T08:29:07","date_gmt":"2025-09-21T08:29:07","guid":{"rendered":"https:\/\/www.abchukuk.com\/index.php\/2025\/09\/21\/chp-lideri-ozel-partisinin-olaganustu-kurultayinda-konustu-ak-parti-yargi-kollarini-kurdular\/"},"modified":"2025-09-21T08:29:07","modified_gmt":"2025-09-21T08:29:07","slug":"chp-lideri-ozel-partisinin-olaganustu-kurultayinda-konustu-ak-parti-yargi-kollarini-kurdular","status":"publish","type":"post","link":"https:\/\/www.abchukuk.com\/index.php\/2025\/09\/21\/chp-lideri-ozel-partisinin-olaganustu-kurultayinda-konustu-ak-parti-yargi-kollarini-kurdular\/","title":{"rendered":"CHP lideri \u00d6zel partisinin ola\u011fan\u00fcst\u00fc kurultay\u0131nda konu\u015ftu: &#8216;AK Parti Yarg\u0131 Kollar\u0131n\u0131 kurdular&#8217;"},"content":{"rendered":"<p>CHP&#8217;nin &#8220;Kayyuma ve Darbeye Hay\u0131r&#8221; slogan\u0131yla yapt\u0131\u011f\u0131 22. Ola\u011fan\u00fcst\u00fc Kurultay\u0131 Ankara Naz\u0131m Hikmet K\u00fclt\u00fcr Merkezi&#8217;nde ba\u015flad\u0131. \u00d6zel Cumhurba\u015fkan\u0131 Recep Tayyip Erdo\u011fan&#8217;\u0131 &#8220;AK Parti Yarg\u0131 Kollar\u0131n\u0131 kurmakla&#8221; su\u00e7lad\u0131.CHP&#8217;nin &#8220;Kayyuma ve Darbeye Hay\u0131r&#8221; slogan\u0131yla yapt\u0131\u011f\u0131 22. Ola\u011fan\u00fcst\u00fc Kurultay\u0131 Ankara Naz\u0131m Hikmet K\u00fclt\u00fcr Merkezi&#8217;nde ba\u015flad\u0131. \u00d6zel Cumhurba\u015fkan\u0131 Recep Tayyip Erdo\u011fan&#8217;\u0131 &#8220;AK Parti Yarg\u0131 Kollar\u0131n\u0131 kurmakla&#8221; su\u00e7lad\u0131.\u00a0<a href=\"https:\/\/www.bbc.com\/turkce\/articles\/cj6xxn5x9ddo?at_medium=RSS&amp;at_campaign=rss\" target=\"_blank\" class=\"feedzy-rss-link-icon\">Read More<\/a><\/p>","protected":false},"excerpt":{"rendered":"<p>CHP&#8217;nin &#8220;Kayyuma ve Darbeye Hay\u0131r&#8221; slogan\u0131yla yapt\u0131\u011f\u0131 22. Ola\u011fan\u00fcst\u00fc Kurultay\u0131 Ankara Naz\u0131m Hikmet K\u00fclt\u00fcr Merkezi&#8217;nde ba\u015flad\u0131. \u00d6zel Cumhurba\u015fkan\u0131 Recep Tayyip Erdo\u011fan&#8217;\u0131 &#8220;AK Parti Yarg\u0131 Kollar\u0131n\u0131 kurmakla&#8221; su\u00e7lad\u0131.CHP&#8217;nin &#8220;Kayyuma ve Darbeye Hay\u0131r&#8221; slogan\u0131yla yapt\u0131\u011f\u0131 22. Ola\u011fan\u00fcst\u00fc Kurultay\u0131 Ankara Naz\u0131m Hikmet K\u00fclt\u00fcr Merkezi&#8217;nde ba\u015flad\u0131. \u00d6zel Cumhurba\u015fkan\u0131 Recep Tayyip Erdo\u011fan&#8217;\u0131 &#8220;AK Parti Yarg\u0131 Kollar\u0131n\u0131 kurmakla&#8221; su\u00e7lad\u0131.\u00a0Read More<\/p>\n","protected":false},"author":1,"featured_media":5875,"comment_status":"open","ping_status":"open","sticky":false,"template":"","format":"standard","meta":{"footnotes":"","_links_to":"","_links_to_target":""},"categories":[1],"tags":[],"class_list":["post-5874","post","type-post","status-publish","format-standard","has-post-thumbnail","hentry","category-haberler"],"_links":{"self":[{"href":"https:\/\/www.abchukuk.com\/index.php\/wp-json\/wp\/v2\/posts\/5874","targetHints":{"allow":["GET"]}}],"collection":[{"href":"https:\/\/www.abchukuk.com\/index.php\/wp-json\/wp\/v2\/posts"}],"about":[{"href":"https:\/\/www.abchukuk.com\/index.php\/wp-json\/wp\/v2\/types\/post"}],"author":[{"embeddable":true,"href":"https:\/\/www.abchukuk.com\/index.php\/wp-json\/wp\/v2\/users\/1"}],"replies":[{"embeddable":true,"href":"https:\/\/www.abchukuk.com\/index.php\/wp-json\/wp\/v2\/comments?post=5874"}],"version-history":[{"count":0,"href":"https:\/\/www.abchukuk.com\/index.php\/wp-json\/wp\/v2\/posts\/5874\/revisions"}],"wp:featuredmedia":[{"embeddable":true,"href":"https:\/\/www.abchukuk.com\/index.php\/wp-json\/wp\/v2\/media\/5875"}],"wp:attachment":[{"href":"https:\/\/www.abchukuk.com\/index.php\/wp-json\/wp\/v2\/media?parent=5874"}],"wp:term":[{"taxonomy":"category","embeddable":true,"href":"https:\/\/www.abchukuk.com\/index.php\/wp-json\/wp\/v2\/categories?post=5874"},{"taxonomy":"post_tag","embeddable":true,"href":"https:\/\/www.abchukuk.com\/index.php\/wp-json\/wp\/v2\/tags?post=5874"}],"curies":[{"name":"wp","href":"https:\/\/api.w.org\/{rel}","templated":true}]}}