{"id":5867,"date":"2025-09-21T01:00:00","date_gmt":"2025-09-21T01:00:00","guid":{"rendered":"https:\/\/www.abchukuk.com\/index.php\/2025\/09\/21\/tutuklu-emekli-albay-orkun-ozeller-bir-orkunu-susturmak-istediler-ama-simdi-tum-turkiye-konusuyor\/"},"modified":"2025-09-21T01:00:00","modified_gmt":"2025-09-21T01:00:00","slug":"tutuklu-emekli-albay-orkun-ozeller-bir-orkunu-susturmak-istediler-ama-simdi-tum-turkiye-konusuyor","status":"publish","type":"post","link":"https:\/\/www.abchukuk.com\/index.php\/2025\/09\/21\/tutuklu-emekli-albay-orkun-ozeller-bir-orkunu-susturmak-istediler-ama-simdi-tum-turkiye-konusuyor\/","title":{"rendered":"Tutuklu emekli albay Orkun \u00d6zeller: &#8216;Bir Orkun\u2019u susturmak istediler ama \u015fimdi t\u00fcm T\u00fcrkiye konu\u015fuyor&#8217;"},"content":{"rendered":"<p>MHP lideri Bah\u00e7eli\u2019ye y\u00f6nelik ele\u015ftirileri sonras\u0131 tutuklanan emekli Albay Orkun \u00d6zeller, cezaevinde ya\u015fad\u0131klar\u0131n\u0131 anlatt\u0131. \u00d6zeller \u201cDibi kirden tamamen sararm\u0131\u015f tastan su i\u00e7tim, bana etki etmez. Buras\u0131 bana be\u015f y\u0131ld\u0131zl\u0131 otel gibi gelir\u201d dedi.MHP lideri Bah\u00e7eli\u2019ye y\u00f6nelik ele\u015ftirileri sonras\u0131 tutuklanan emekli Albay Orkun \u00d6zeller, cezaevinde ya\u015fad\u0131klar\u0131n\u0131 anlatt\u0131. \u00d6zeller \u201cDibi kirden tamamen sararm\u0131\u015f tastan su i\u00e7tim, bana etki etmez. Buras\u0131 bana be\u015f y\u0131ld\u0131zl\u0131 otel gibi gelir\u201d dedi.\u00a0<a href=\"https:\/\/www.cumhuriyet.com.tr\/turkiye\/tutuklu-emekli-albay-orkun-ozeller-bir-orkun-u-susturmak-istediler-ama-simdi-tum-turkiye-konusuyor-2436861\" target=\"_blank\" class=\"feedzy-rss-link-icon\">Read More<\/a><\/p>","protected":false},"excerpt":{"rendered":"<p>MHP lideri Bah\u00e7eli\u2019ye y\u00f6nelik ele\u015ftirileri sonras\u0131 tutuklanan emekli Albay Orkun \u00d6zeller, cezaevinde ya\u015fad\u0131klar\u0131n\u0131 anlatt\u0131. \u00d6zeller \u201cDibi kirden tamamen sararm\u0131\u015f tastan su i\u00e7tim, bana etki etmez. Buras\u0131 bana be\u015f y\u0131ld\u0131zl\u0131 otel gibi gelir\u201d dedi.MHP lideri Bah\u00e7eli\u2019ye y\u00f6nelik ele\u015ftirileri sonras\u0131 tutuklanan emekli Albay Orkun \u00d6zeller, cezaevinde ya\u015fad\u0131klar\u0131n\u0131 anlatt\u0131. \u00d6zeller \u201cDibi kirden tamamen sararm\u0131\u015f tastan su i\u00e7tim, bana [&hellip;]<\/p>\n","protected":false},"author":1,"featured_media":5868,"comment_status":"open","ping_status":"open","sticky":false,"template":"","format":"standard","meta":{"footnotes":"","_links_to":"","_links_to_target":""},"categories":[1],"tags":[],"class_list":["post-5867","post","type-post","status-publish","format-standard","has-post-thumbnail","hentry","category-haberler"],"_links":{"self":[{"href":"https:\/\/www.abchukuk.com\/index.php\/wp-json\/wp\/v2\/posts\/5867","targetHints":{"allow":["GET"]}}],"collection":[{"href":"https:\/\/www.abchukuk.com\/index.php\/wp-json\/wp\/v2\/posts"}],"about":[{"href":"https:\/\/www.abchukuk.com\/index.php\/wp-json\/wp\/v2\/types\/post"}],"author":[{"embeddable":true,"href":"https:\/\/www.abchukuk.com\/index.php\/wp-json\/wp\/v2\/users\/1"}],"replies":[{"embeddable":true,"href":"https:\/\/www.abchukuk.com\/index.php\/wp-json\/wp\/v2\/comments?post=5867"}],"version-history":[{"count":0,"href":"https:\/\/www.abchukuk.com\/index.php\/wp-json\/wp\/v2\/posts\/5867\/revisions"}],"wp:featuredmedia":[{"embeddable":true,"href":"https:\/\/www.abchukuk.com\/index.php\/wp-json\/wp\/v2\/media\/5868"}],"wp:attachment":[{"href":"https:\/\/www.abchukuk.com\/index.php\/wp-json\/wp\/v2\/media?parent=5867"}],"wp:term":[{"taxonomy":"category","embeddable":true,"href":"https:\/\/www.abchukuk.com\/index.php\/wp-json\/wp\/v2\/categories?post=5867"},{"taxonomy":"post_tag","embeddable":true,"href":"https:\/\/www.abchukuk.com\/index.php\/wp-json\/wp\/v2\/tags?post=5867"}],"curies":[{"name":"wp","href":"https:\/\/api.w.org\/{rel}","templated":true}]}}