{"id":5865,"date":"2025-09-20T12:48:49","date_gmt":"2025-09-20T12:48:49","guid":{"rendered":"https:\/\/www.abchukuk.com\/index.php\/2025\/09\/20\/tiktok-skandalinda-kiz-cocugu-devlet-korumasina-baba-bozuntusu-gozaltina-alindi\/"},"modified":"2025-09-20T12:48:49","modified_gmt":"2025-09-20T12:48:49","slug":"tiktok-skandalinda-kiz-cocugu-devlet-korumasina-baba-bozuntusu-gozaltina-alindi","status":"publish","type":"post","link":"https:\/\/www.abchukuk.com\/index.php\/2025\/09\/20\/tiktok-skandalinda-kiz-cocugu-devlet-korumasina-baba-bozuntusu-gozaltina-alindi\/","title":{"rendered":"TikTok skandal\u0131nda k\u0131z \u00e7ocu\u011fu devlet korumas\u0131na baba bozuntusu g\u00f6zalt\u0131na al\u0131nd\u0131!"},"content":{"rendered":"<p>Hatay&#8217;da, TikTok&#8217;ta canl\u0131 yay\u0131n ve m\u00fczik a\u00e7arak k\u0131z\u0131n\u0131 oynatan baban\u0131n yapt\u0131\u011f\u0131 payla\u015f\u0131m\u0131n dola\u015f\u0131ma girmesinin ard\u0131ndan yay\u0131na yap\u0131lan ahlaks\u0131z yorum ve teklifler tepki \u00e7ekti. Baban\u0131n ald\u0131r\u0131\u015f etmeden yay\u0131na devam etmesi ve tepkilerin \u00e7\u0131\u011f gibi b\u00fcy\u00fcmesinin ard\u0131ndan harekete ge\u00e7en Aile ve Sosyal Hizmetler Bakanl\u0131\u011f\u0131, baban\u0131n g\u00f6zalt\u0131na, k\u0131z\u0131n\u0131n ise devlet korumas\u0131na al\u0131nd\u0131\u011f\u0131n\u0131 a\u00e7\u0131klad\u0131Hatay&#8217;da, TikTok&#8217;ta canl\u0131 yay\u0131n ve m\u00fczik a\u00e7arak k\u0131z\u0131n\u0131 oynatan baban\u0131n yapt\u0131\u011f\u0131 payla\u015f\u0131m\u0131n dola\u015f\u0131ma girmesinin ard\u0131ndan yay\u0131na yap\u0131lan ahlaks\u0131z yorum ve teklifler tepki \u00e7ekti. Baban\u0131n ald\u0131r\u0131\u015f etmeden yay\u0131na devam etmesi ve tepkilerin \u00e7\u0131\u011f gibi b\u00fcy\u00fcmesinin ard\u0131ndan harekete ge\u00e7en Aile ve Sosyal Hizmetler Bakanl\u0131\u011f\u0131, baban\u0131n g\u00f6zalt\u0131na, k\u0131z\u0131n\u0131n ise devlet korumas\u0131na al\u0131nd\u0131\u011f\u0131n\u0131 a\u00e7\u0131klad\u0131\u00a0<a href=\"https:\/\/www.haberturk.com\/tepkiye-neden-olmustu-kiz-cocugu-devlet-korumasinda-baba-bozuntusu-gozaltinda-3823837\" target=\"_blank\" class=\"feedzy-rss-link-icon\">Read More<\/a><\/p>","protected":false},"excerpt":{"rendered":"<p>Hatay&#8217;da, TikTok&#8217;ta canl\u0131 yay\u0131n ve m\u00fczik a\u00e7arak k\u0131z\u0131n\u0131 oynatan baban\u0131n yapt\u0131\u011f\u0131 payla\u015f\u0131m\u0131n dola\u015f\u0131ma girmesinin ard\u0131ndan yay\u0131na yap\u0131lan ahlaks\u0131z yorum ve teklifler tepki \u00e7ekti. Baban\u0131n ald\u0131r\u0131\u015f etmeden yay\u0131na devam etmesi ve tepkilerin \u00e7\u0131\u011f gibi b\u00fcy\u00fcmesinin ard\u0131ndan harekete ge\u00e7en Aile ve Sosyal Hizmetler Bakanl\u0131\u011f\u0131, baban\u0131n g\u00f6zalt\u0131na, k\u0131z\u0131n\u0131n ise devlet korumas\u0131na al\u0131nd\u0131\u011f\u0131n\u0131 a\u00e7\u0131klad\u0131Hatay&#8217;da, TikTok&#8217;ta canl\u0131 yay\u0131n ve m\u00fczik [&hellip;]<\/p>\n","protected":false},"author":1,"featured_media":0,"comment_status":"open","ping_status":"open","sticky":false,"template":"","format":"standard","meta":{"footnotes":"","_links_to":"","_links_to_target":""},"categories":[1],"tags":[],"class_list":["post-5865","post","type-post","status-publish","format-standard","hentry","category-haberler"],"_links":{"self":[{"href":"https:\/\/www.abchukuk.com\/index.php\/wp-json\/wp\/v2\/posts\/5865","targetHints":{"allow":["GET"]}}],"collection":[{"href":"https:\/\/www.abchukuk.com\/index.php\/wp-json\/wp\/v2\/posts"}],"about":[{"href":"https:\/\/www.abchukuk.com\/index.php\/wp-json\/wp\/v2\/types\/post"}],"author":[{"embeddable":true,"href":"https:\/\/www.abchukuk.com\/index.php\/wp-json\/wp\/v2\/users\/1"}],"replies":[{"embeddable":true,"href":"https:\/\/www.abchukuk.com\/index.php\/wp-json\/wp\/v2\/comments?post=5865"}],"version-history":[{"count":0,"href":"https:\/\/www.abchukuk.com\/index.php\/wp-json\/wp\/v2\/posts\/5865\/revisions"}],"wp:attachment":[{"href":"https:\/\/www.abchukuk.com\/index.php\/wp-json\/wp\/v2\/media?parent=5865"}],"wp:term":[{"taxonomy":"category","embeddable":true,"href":"https:\/\/www.abchukuk.com\/index.php\/wp-json\/wp\/v2\/categories?post=5865"},{"taxonomy":"post_tag","embeddable":true,"href":"https:\/\/www.abchukuk.com\/index.php\/wp-json\/wp\/v2\/tags?post=5865"}],"curies":[{"name":"wp","href":"https:\/\/api.w.org\/{rel}","templated":true}]}}