{"id":5863,"date":"2025-09-20T16:37:56","date_gmt":"2025-09-20T16:37:56","guid":{"rendered":"https:\/\/www.abchukuk.com\/index.php\/2025\/09\/20\/218-ev-bosaltildi-582-kisi-tahliye-edildi-mugla-ve-antalya-alev-alev\/"},"modified":"2025-09-20T16:37:56","modified_gmt":"2025-09-20T16:37:56","slug":"218-ev-bosaltildi-582-kisi-tahliye-edildi-mugla-ve-antalya-alev-alev","status":"publish","type":"post","link":"https:\/\/www.abchukuk.com\/index.php\/2025\/09\/20\/218-ev-bosaltildi-582-kisi-tahliye-edildi-mugla-ve-antalya-alev-alev\/","title":{"rendered":"218 ev bo\u015falt\u0131ld\u0131! 582 ki\u015fi tahliye edildi! Mu\u011fla ve Antalya alev alev!"},"content":{"rendered":"<p>Mu\u011fla K\u00f6yce\u011fiz ve Milas ile Antalya&#8217;n\u0131n Alanya il\u00e7elerinde orman yang\u0131nlar\u0131na m\u00fcdahale ediliyor. Mu\u011fla&#8217;da, \u015fu ana kadar 218 ev bo\u015falt\u0131l\u0131rken, 582 vatanda\u015f\u0131n g\u00fcvenli b\u00f6lgeye naklinin sa\u011fland\u0131\u011f\u0131 \u00f6\u011frenildi. Alanya&#8217;da ise \u015e\u0131hlar Mahallesi bo\u015falt\u0131ld\u0131. \u0130\u015fte orman yang\u0131nlar\u0131nda son durum&#8230;Mu\u011fla K\u00f6yce\u011fiz ve Milas ile Antalya&#8217;n\u0131n Alanya il\u00e7elerinde orman yang\u0131nlar\u0131na m\u00fcdahale ediliyor. Mu\u011fla&#8217;da, \u015fu ana kadar 218 ev bo\u015falt\u0131l\u0131rken, 582 vatanda\u015f\u0131n g\u00fcvenli b\u00f6lgeye naklinin sa\u011fland\u0131\u011f\u0131 \u00f6\u011frenildi. Alanya&#8217;da ise \u015e\u0131hlar Mahallesi bo\u015falt\u0131ld\u0131. \u0130\u015fte orman yang\u0131nlar\u0131nda son durum&#8230;\u00a0<a href=\"https:\/\/www.haberturk.com\/218-ev-bosaltildi-582-kisi-tahliye-edildi-mugla-ve-antalya-alev-alev-3823778\" target=\"_blank\" class=\"feedzy-rss-link-icon\">Read More<\/a><\/p>","protected":false},"excerpt":{"rendered":"<p>Mu\u011fla K\u00f6yce\u011fiz ve Milas ile Antalya&#8217;n\u0131n Alanya il\u00e7elerinde orman yang\u0131nlar\u0131na m\u00fcdahale ediliyor. Mu\u011fla&#8217;da, \u015fu ana kadar 218 ev bo\u015falt\u0131l\u0131rken, 582 vatanda\u015f\u0131n g\u00fcvenli b\u00f6lgeye naklinin sa\u011fland\u0131\u011f\u0131 \u00f6\u011frenildi. Alanya&#8217;da ise \u015e\u0131hlar Mahallesi bo\u015falt\u0131ld\u0131. \u0130\u015fte orman yang\u0131nlar\u0131nda son durum&#8230;Mu\u011fla K\u00f6yce\u011fiz ve Milas ile Antalya&#8217;n\u0131n Alanya il\u00e7elerinde orman yang\u0131nlar\u0131na m\u00fcdahale ediliyor. Mu\u011fla&#8217;da, \u015fu ana kadar 218 ev bo\u015falt\u0131l\u0131rken, 582 [&hellip;]<\/p>\n","protected":false},"author":1,"featured_media":0,"comment_status":"open","ping_status":"open","sticky":false,"template":"","format":"standard","meta":{"footnotes":"","_links_to":"","_links_to_target":""},"categories":[1],"tags":[],"class_list":["post-5863","post","type-post","status-publish","format-standard","hentry","category-haberler"],"_links":{"self":[{"href":"https:\/\/www.abchukuk.com\/index.php\/wp-json\/wp\/v2\/posts\/5863","targetHints":{"allow":["GET"]}}],"collection":[{"href":"https:\/\/www.abchukuk.com\/index.php\/wp-json\/wp\/v2\/posts"}],"about":[{"href":"https:\/\/www.abchukuk.com\/index.php\/wp-json\/wp\/v2\/types\/post"}],"author":[{"embeddable":true,"href":"https:\/\/www.abchukuk.com\/index.php\/wp-json\/wp\/v2\/users\/1"}],"replies":[{"embeddable":true,"href":"https:\/\/www.abchukuk.com\/index.php\/wp-json\/wp\/v2\/comments?post=5863"}],"version-history":[{"count":0,"href":"https:\/\/www.abchukuk.com\/index.php\/wp-json\/wp\/v2\/posts\/5863\/revisions"}],"wp:attachment":[{"href":"https:\/\/www.abchukuk.com\/index.php\/wp-json\/wp\/v2\/media?parent=5863"}],"wp:term":[{"taxonomy":"category","embeddable":true,"href":"https:\/\/www.abchukuk.com\/index.php\/wp-json\/wp\/v2\/categories?post=5863"},{"taxonomy":"post_tag","embeddable":true,"href":"https:\/\/www.abchukuk.com\/index.php\/wp-json\/wp\/v2\/tags?post=5863"}],"curies":[{"name":"wp","href":"https:\/\/api.w.org\/{rel}","templated":true}]}}