{"id":5854,"date":"2025-09-20T16:45:23","date_gmt":"2025-09-20T16:45:23","guid":{"rendered":"https:\/\/www.abchukuk.com\/index.php\/2025\/09\/20\/51-cana-mezar-olan-apartman-davasinda-sok-savunma-aileler-ve-avukatlar-isyan-etti\/"},"modified":"2025-09-20T16:45:23","modified_gmt":"2025-09-20T16:45:23","slug":"51-cana-mezar-olan-apartman-davasinda-sok-savunma-aileler-ve-avukatlar-isyan-etti","status":"publish","type":"post","link":"https:\/\/www.abchukuk.com\/index.php\/2025\/09\/20\/51-cana-mezar-olan-apartman-davasinda-sok-savunma-aileler-ve-avukatlar-isyan-etti\/","title":{"rendered":"51 Cana Mezar Olan Apartman Davas\u0131nda \u015eok Savunma: Aileler ve Avukatlar \u0130syan Etti!"},"content":{"rendered":"<p><a href=\"https:\/\/www.gercekgundem.com\/guncel\/51-cana-mezar-olan-apartman-davasinda-sok-savunma-aileler-ve-avukatlar-isyan-etti-556222\"><br \/>\n                                                            <img decoding=\"async\" src=\"https:\/\/i.gercekgundem.com\/2\/150\/84\/storage\/files\/images\/2025\/09\/20\/51-cana-mezar-olan-apartman-davasinda-sok-savunma-aileler-ve-avukatlar-isyan-etti-q3f5.png\" width=\"150\" height=\"84\" border=\"0\" align=\"right\" \/><br \/>\n                                                    <\/a><\/p>\n<h4>Hatay\u2019da 51 ki\u015finin ya\u015fam\u0131n\u0131 yitirdi\u011fi Cemil \u00c7apar Apartman\u0131 davas\u0131nda m\u00fcteahhit Mehmet \u00d6zkan yine sorumluluk almad\u0131. \u201cDepremi Allah yapt\u0131, kusurum yok\u201d s\u00f6zleriyle kendini savunan \u00d6zkan\u2019a aileler ve avukatlar tepki g\u00f6sterdi.<\/h4>\n<p>Hatay\u2019da 51 ki\u015finin ya\u015fam\u0131n\u0131 yitirdi\u011fi Cemil \u00c7apar Apartman\u0131 davas\u0131nda m\u00fcteahhit Mehmet \u00d6zkan yine sorumluluk almad\u0131. \u201cDepremi Allah yapt\u0131, kusurum yok\u201d s\u00f6zleriyle kendini savunan \u00d6zkan\u2019a aileler ve avukatlar tepki g\u00f6sterdi.\u00a0<a href=\"https:\/\/www.gercekgundem.com\/guncel\/51-cana-mezar-olan-apartman-davasinda-sok-savunma-aileler-ve-avukatlar-isyan-etti-556222\" target=\"_blank\" class=\"feedzy-rss-link-icon\">Read More<\/a><\/p>","protected":false},"excerpt":{"rendered":"<p>Hatay\u2019da 51 ki\u015finin ya\u015fam\u0131n\u0131 yitirdi\u011fi Cemil \u00c7apar Apartman\u0131 davas\u0131nda m\u00fcteahhit Mehmet \u00d6zkan yine sorumluluk almad\u0131. \u201cDepremi Allah yapt\u0131, kusurum yok\u201d s\u00f6zleriyle kendini savunan \u00d6zkan\u2019a aileler ve avukatlar tepki g\u00f6sterdi. Hatay\u2019da 51 ki\u015finin ya\u015fam\u0131n\u0131 yitirdi\u011fi Cemil \u00c7apar Apartman\u0131 davas\u0131nda m\u00fcteahhit Mehmet \u00d6zkan yine sorumluluk almad\u0131. \u201cDepremi Allah yapt\u0131, kusurum yok\u201d s\u00f6zleriyle kendini savunan \u00d6zkan\u2019a aileler ve [&hellip;]<\/p>\n","protected":false},"author":1,"featured_media":5855,"comment_status":"open","ping_status":"open","sticky":false,"template":"","format":"standard","meta":{"footnotes":"","_links_to":"","_links_to_target":""},"categories":[1],"tags":[],"class_list":["post-5854","post","type-post","status-publish","format-standard","has-post-thumbnail","hentry","category-haberler"],"_links":{"self":[{"href":"https:\/\/www.abchukuk.com\/index.php\/wp-json\/wp\/v2\/posts\/5854","targetHints":{"allow":["GET"]}}],"collection":[{"href":"https:\/\/www.abchukuk.com\/index.php\/wp-json\/wp\/v2\/posts"}],"about":[{"href":"https:\/\/www.abchukuk.com\/index.php\/wp-json\/wp\/v2\/types\/post"}],"author":[{"embeddable":true,"href":"https:\/\/www.abchukuk.com\/index.php\/wp-json\/wp\/v2\/users\/1"}],"replies":[{"embeddable":true,"href":"https:\/\/www.abchukuk.com\/index.php\/wp-json\/wp\/v2\/comments?post=5854"}],"version-history":[{"count":0,"href":"https:\/\/www.abchukuk.com\/index.php\/wp-json\/wp\/v2\/posts\/5854\/revisions"}],"wp:featuredmedia":[{"embeddable":true,"href":"https:\/\/www.abchukuk.com\/index.php\/wp-json\/wp\/v2\/media\/5855"}],"wp:attachment":[{"href":"https:\/\/www.abchukuk.com\/index.php\/wp-json\/wp\/v2\/media?parent=5854"}],"wp:term":[{"taxonomy":"category","embeddable":true,"href":"https:\/\/www.abchukuk.com\/index.php\/wp-json\/wp\/v2\/categories?post=5854"},{"taxonomy":"post_tag","embeddable":true,"href":"https:\/\/www.abchukuk.com\/index.php\/wp-json\/wp\/v2\/tags?post=5854"}],"curies":[{"name":"wp","href":"https:\/\/api.w.org\/{rel}","templated":true}]}}