{"id":5848,"date":"2025-09-20T15:22:00","date_gmt":"2025-09-20T15:22:00","guid":{"rendered":"https:\/\/www.abchukuk.com\/index.php\/2025\/09\/20\/cevizlibag-kiz-yurdundaki-goruntuler-uzerine-4-kisi-gozaltina-alindi\/"},"modified":"2025-09-20T15:22:00","modified_gmt":"2025-09-20T15:22:00","slug":"cevizlibag-kiz-yurdundaki-goruntuler-uzerine-4-kisi-gozaltina-alindi","status":"publish","type":"post","link":"https:\/\/www.abchukuk.com\/index.php\/2025\/09\/20\/cevizlibag-kiz-yurdundaki-goruntuler-uzerine-4-kisi-gozaltina-alindi\/","title":{"rendered":"Cevizliba\u011f K\u0131z Yurdu&#8217;ndaki g\u00f6r\u00fcnt\u00fcler \u00fczerine 4 ki\u015fi g\u00f6zalt\u0131na al\u0131nd\u0131"},"content":{"rendered":"<p>\u0130stanbul\u2019da Cevizliba\u011f&#8217;daki k\u0131z \u00f6\u011frenci yurdunda \u00f6\u011frencilerin ki\u015fisel e\u015fyalar\u0131na zarar verildi\u011fine dair sosyal medyada payla\u015f\u0131lan g\u00f6r\u00fcnt\u00fcler \u00fczerine ba\u015flat\u0131lan \u00e7al\u0131\u015fmalar kapsam\u0131nda 4 \u015f\u00fcpheli g\u00f6zalt\u0131na al\u0131nd\u0131.\u0130stanbul\u2019da Cevizliba\u011f&#8217;daki k\u0131z \u00f6\u011frenci yurdunda \u00f6\u011frencilerin ki\u015fisel e\u015fyalar\u0131na zarar verildi\u011fine dair sosyal medyada payla\u015f\u0131lan g\u00f6r\u00fcnt\u00fcler \u00fczerine ba\u015flat\u0131lan \u00e7al\u0131\u015fmalar kapsam\u0131nda 4 \u015f\u00fcpheli g\u00f6zalt\u0131na al\u0131nd\u0131.\u00a0<a href=\"https:\/\/www.dunya.com\/gundem\/cevizlibag-kiz-yurdundaki-goruntuler-uzerine-4-kisi-gozaltina-alindi-haberi-794929\" target=\"_blank\" class=\"feedzy-rss-link-icon\">Read More<\/a><\/p>","protected":false},"excerpt":{"rendered":"<p>\u0130stanbul\u2019da Cevizliba\u011f&#8217;daki k\u0131z \u00f6\u011frenci yurdunda \u00f6\u011frencilerin ki\u015fisel e\u015fyalar\u0131na zarar verildi\u011fine dair sosyal medyada payla\u015f\u0131lan g\u00f6r\u00fcnt\u00fcler \u00fczerine ba\u015flat\u0131lan \u00e7al\u0131\u015fmalar kapsam\u0131nda 4 \u015f\u00fcpheli g\u00f6zalt\u0131na al\u0131nd\u0131.\u0130stanbul\u2019da Cevizliba\u011f&#8217;daki k\u0131z \u00f6\u011frenci yurdunda \u00f6\u011frencilerin ki\u015fisel e\u015fyalar\u0131na zarar verildi\u011fine dair sosyal medyada payla\u015f\u0131lan g\u00f6r\u00fcnt\u00fcler \u00fczerine ba\u015flat\u0131lan \u00e7al\u0131\u015fmalar kapsam\u0131nda 4 \u015f\u00fcpheli g\u00f6zalt\u0131na al\u0131nd\u0131.\u00a0Read More<\/p>\n","protected":false},"author":1,"featured_media":5849,"comment_status":"open","ping_status":"open","sticky":false,"template":"","format":"standard","meta":{"footnotes":"","_links_to":"","_links_to_target":""},"categories":[1],"tags":[],"class_list":["post-5848","post","type-post","status-publish","format-standard","has-post-thumbnail","hentry","category-haberler"],"_links":{"self":[{"href":"https:\/\/www.abchukuk.com\/index.php\/wp-json\/wp\/v2\/posts\/5848","targetHints":{"allow":["GET"]}}],"collection":[{"href":"https:\/\/www.abchukuk.com\/index.php\/wp-json\/wp\/v2\/posts"}],"about":[{"href":"https:\/\/www.abchukuk.com\/index.php\/wp-json\/wp\/v2\/types\/post"}],"author":[{"embeddable":true,"href":"https:\/\/www.abchukuk.com\/index.php\/wp-json\/wp\/v2\/users\/1"}],"replies":[{"embeddable":true,"href":"https:\/\/www.abchukuk.com\/index.php\/wp-json\/wp\/v2\/comments?post=5848"}],"version-history":[{"count":0,"href":"https:\/\/www.abchukuk.com\/index.php\/wp-json\/wp\/v2\/posts\/5848\/revisions"}],"wp:featuredmedia":[{"embeddable":true,"href":"https:\/\/www.abchukuk.com\/index.php\/wp-json\/wp\/v2\/media\/5849"}],"wp:attachment":[{"href":"https:\/\/www.abchukuk.com\/index.php\/wp-json\/wp\/v2\/media?parent=5848"}],"wp:term":[{"taxonomy":"category","embeddable":true,"href":"https:\/\/www.abchukuk.com\/index.php\/wp-json\/wp\/v2\/categories?post=5848"},{"taxonomy":"post_tag","embeddable":true,"href":"https:\/\/www.abchukuk.com\/index.php\/wp-json\/wp\/v2\/tags?post=5848"}],"curies":[{"name":"wp","href":"https:\/\/api.w.org\/{rel}","templated":true}]}}