{"id":5840,"date":"2025-09-20T14:42:00","date_gmt":"2025-09-20T14:42:00","guid":{"rendered":"https:\/\/www.abchukuk.com\/index.php\/2025\/09\/20\/vahap-secer-ve-mansur-yavas-silivri-cezaevi-sonrasi-konustu-partimizin-butunu-saldiri-altinda\/"},"modified":"2025-09-20T14:42:00","modified_gmt":"2025-09-20T14:42:00","slug":"vahap-secer-ve-mansur-yavas-silivri-cezaevi-sonrasi-konustu-partimizin-butunu-saldiri-altinda","status":"publish","type":"post","link":"https:\/\/www.abchukuk.com\/index.php\/2025\/09\/20\/vahap-secer-ve-mansur-yavas-silivri-cezaevi-sonrasi-konustu-partimizin-butunu-saldiri-altinda\/","title":{"rendered":"Vahap Se\u00e7er ve Mansur Yava\u015f, Silivri Cezaevi sonras\u0131 konu\u015ftu: &#8216;Partimizin b\u00fct\u00fcn\u00fc sald\u0131r\u0131 alt\u0131nda&#8217;"},"content":{"rendered":"<p>T\u00fcrkiye Belediyeler Birli\u011fi Ba\u015fkan Vekili ve Mersin B\u00fcy\u00fck\u015fehir Belediye Ba\u015fkan\u0131 Vahap Se\u00e7er, Silivri Cezaevi&#8217;nde tutuklu belediye ba\u015fkanlar\u0131n\u0131 ziyaret etti. Se\u00e7er, ziyaret etti\u011fi isimlerden birinin kendisine &#8220;Biz buradan ne zaman \u00e7\u0131kaca\u011f\u0131m\u0131z\u0131 beklerken d\u0131\u015far\u0131daki arkada\u015flar da acaba bizi ne zaman alacaklar diye endi\u015fe i\u00e7erisindeler&#8221; dedi\u011fini s\u00f6yledi.T\u00fcrkiye Belediyeler Birli\u011fi Ba\u015fkan Vekili ve Mersin B\u00fcy\u00fck\u015fehir Belediye Ba\u015fkan\u0131 Vahap Se\u00e7er, Silivri Cezaevi&#8217;nde tutuklu belediye ba\u015fkanlar\u0131n\u0131 ziyaret etti. Se\u00e7er, ziyaret etti\u011fi isimlerden birinin kendisine &#8220;Biz buradan ne zaman \u00e7\u0131kaca\u011f\u0131m\u0131z\u0131 beklerken d\u0131\u015far\u0131daki arkada\u015flar da acaba bizi ne zaman alacaklar diye endi\u015fe i\u00e7erisindeler&#8221; dedi\u011fini s\u00f6yledi.\u00a0<a href=\"https:\/\/www.cumhuriyet.com.tr\/siyaset\/vahap-secer-ve-mansur-yavas-silivri-cezaevi-sonrasi-konustu-partimizin-butunu-saldiri-altinda-2436784\" target=\"_blank\" class=\"feedzy-rss-link-icon\">Read More<\/a><\/p>","protected":false},"excerpt":{"rendered":"<p>T\u00fcrkiye Belediyeler Birli\u011fi Ba\u015fkan Vekili ve Mersin B\u00fcy\u00fck\u015fehir Belediye Ba\u015fkan\u0131 Vahap Se\u00e7er, Silivri Cezaevi&#8217;nde tutuklu belediye ba\u015fkanlar\u0131n\u0131 ziyaret etti. Se\u00e7er, ziyaret etti\u011fi isimlerden birinin kendisine &#8220;Biz buradan ne zaman \u00e7\u0131kaca\u011f\u0131m\u0131z\u0131 beklerken d\u0131\u015far\u0131daki arkada\u015flar da acaba bizi ne zaman alacaklar diye endi\u015fe i\u00e7erisindeler&#8221; dedi\u011fini s\u00f6yledi.T\u00fcrkiye Belediyeler Birli\u011fi Ba\u015fkan Vekili ve Mersin B\u00fcy\u00fck\u015fehir Belediye Ba\u015fkan\u0131 Vahap Se\u00e7er, [&hellip;]<\/p>\n","protected":false},"author":1,"featured_media":5841,"comment_status":"open","ping_status":"open","sticky":false,"template":"","format":"standard","meta":{"footnotes":"","_links_to":"","_links_to_target":""},"categories":[1],"tags":[],"class_list":["post-5840","post","type-post","status-publish","format-standard","has-post-thumbnail","hentry","category-haberler"],"_links":{"self":[{"href":"https:\/\/www.abchukuk.com\/index.php\/wp-json\/wp\/v2\/posts\/5840","targetHints":{"allow":["GET"]}}],"collection":[{"href":"https:\/\/www.abchukuk.com\/index.php\/wp-json\/wp\/v2\/posts"}],"about":[{"href":"https:\/\/www.abchukuk.com\/index.php\/wp-json\/wp\/v2\/types\/post"}],"author":[{"embeddable":true,"href":"https:\/\/www.abchukuk.com\/index.php\/wp-json\/wp\/v2\/users\/1"}],"replies":[{"embeddable":true,"href":"https:\/\/www.abchukuk.com\/index.php\/wp-json\/wp\/v2\/comments?post=5840"}],"version-history":[{"count":0,"href":"https:\/\/www.abchukuk.com\/index.php\/wp-json\/wp\/v2\/posts\/5840\/revisions"}],"wp:featuredmedia":[{"embeddable":true,"href":"https:\/\/www.abchukuk.com\/index.php\/wp-json\/wp\/v2\/media\/5841"}],"wp:attachment":[{"href":"https:\/\/www.abchukuk.com\/index.php\/wp-json\/wp\/v2\/media?parent=5840"}],"wp:term":[{"taxonomy":"category","embeddable":true,"href":"https:\/\/www.abchukuk.com\/index.php\/wp-json\/wp\/v2\/categories?post=5840"},{"taxonomy":"post_tag","embeddable":true,"href":"https:\/\/www.abchukuk.com\/index.php\/wp-json\/wp\/v2\/tags?post=5840"}],"curies":[{"name":"wp","href":"https:\/\/api.w.org\/{rel}","templated":true}]}}