{"id":5836,"date":"2025-09-20T13:17:48","date_gmt":"2025-09-20T13:17:48","guid":{"rendered":"https:\/\/www.abchukuk.com\/index.php\/2025\/09\/20\/milyonlarca-calisani-ilgilendiriyor-yargitaydan-emsal-zorunlu-ucretsiz-izin-karari\/"},"modified":"2025-09-20T13:17:48","modified_gmt":"2025-09-20T13:17:48","slug":"milyonlarca-calisani-ilgilendiriyor-yargitaydan-emsal-zorunlu-ucretsiz-izin-karari","status":"publish","type":"post","link":"https:\/\/www.abchukuk.com\/index.php\/2025\/09\/20\/milyonlarca-calisani-ilgilendiriyor-yargitaydan-emsal-zorunlu-ucretsiz-izin-karari\/","title":{"rendered":"Milyonlarca \u00c7al\u0131\u015fan\u0131 \u0130lgilendiriyor&#8230; Yarg\u0131tay&#8217;dan Emsal &#8216;Zorunlu \u00dccretsiz \u0130zin&#8217; Karar\u0131"},"content":{"rendered":"<p><a href=\"https:\/\/www.gercekgundem.com\/ekonomi\/milyonlarca-calisani-ilgilendiriyor-yargitaydan-emsal-zorunlu-ucretsiz-izin-karari-556189\"><br \/>\n                                                            <img decoding=\"async\" src=\"https:\/\/i.gercekgundem.com\/2\/150\/84\/storage\/files\/images\/2025\/09\/20\/milyonlarca-calisani-ilgilendiriyor-yargitaydan-emsal-zorunlu-ucretsiz-izin-karari-57zb.jpg\" width=\"150\" height=\"84\" border=\"0\" align=\"right\" \/><br \/>\n                                                    <\/a><\/p>\n<h4>Yarg\u0131tay, pandemi d\u00f6neminde \u00fccretsiz izinde ge\u00e7irilen s\u00fcreler i\u00e7in emsal bir karar ald\u0131. Y\u00fcksek mahkeme, bu s\u00fcrelerin i\u015f\u00e7inin k\u0131dem tazminat\u0131na ve y\u0131ll\u0131k izin i\u00e7in hesaplanmas\u0131na karar verdi. Karar\u0131 de\u011ferlendiren Sosyal G\u00fcvenlik Ba\u015fuzman\u0131 \u0130sa Karaka\u015f, &#8220;Bu kararla birlikte y\u00fcz binlerce \u00e7al\u0131\u015fan eksik \u00f6denmi\u015f olan k\u0131dem tazminat\u0131n\u0131, y\u0131ll\u0131k iznini alabilecek&#8221; diye konu\u015ftu.<\/h4>\n<p>Yarg\u0131tay, pandemi d\u00f6neminde \u00fccretsiz izinde ge\u00e7irilen s\u00fcreler i\u00e7in emsal bir karar ald\u0131. Y\u00fcksek mahkeme, bu s\u00fcrelerin i\u015f\u00e7inin k\u0131dem tazminat\u0131na ve y\u0131ll\u0131k izin i\u00e7in hesaplanmas\u0131na karar verdi. Karar\u0131 de\u011ferlendiren Sosyal G\u00fcvenlik Ba\u015fuzman\u0131 \u0130sa Karaka\u015f, &#8220;Bu kararla birlikte y\u00fcz binlerce \u00e7al\u0131\u015fan eksik \u00f6denmi\u015f olan k\u0131dem tazminat\u0131n\u0131, y\u0131ll\u0131k iznini alabilecek&#8221; diye konu\u015ftu.\u00a0<a href=\"https:\/\/www.gercekgundem.com\/ekonomi\/milyonlarca-calisani-ilgilendiriyor-yargitaydan-emsal-zorunlu-ucretsiz-izin-karari-556189\" target=\"_blank\" class=\"feedzy-rss-link-icon\">Read More<\/a><\/p>","protected":false},"excerpt":{"rendered":"<p>Yarg\u0131tay, pandemi d\u00f6neminde \u00fccretsiz izinde ge\u00e7irilen s\u00fcreler i\u00e7in emsal bir karar ald\u0131. Y\u00fcksek mahkeme, bu s\u00fcrelerin i\u015f\u00e7inin k\u0131dem tazminat\u0131na ve y\u0131ll\u0131k izin i\u00e7in hesaplanmas\u0131na karar verdi. Karar\u0131 de\u011ferlendiren Sosyal G\u00fcvenlik Ba\u015fuzman\u0131 \u0130sa Karaka\u015f, &#8220;Bu kararla birlikte y\u00fcz binlerce \u00e7al\u0131\u015fan eksik \u00f6denmi\u015f olan k\u0131dem tazminat\u0131n\u0131, y\u0131ll\u0131k iznini alabilecek&#8221; diye konu\u015ftu. Yarg\u0131tay, pandemi d\u00f6neminde \u00fccretsiz izinde ge\u00e7irilen [&hellip;]<\/p>\n","protected":false},"author":1,"featured_media":5837,"comment_status":"open","ping_status":"open","sticky":false,"template":"","format":"standard","meta":{"footnotes":"","_links_to":"","_links_to_target":""},"categories":[1],"tags":[],"class_list":["post-5836","post","type-post","status-publish","format-standard","has-post-thumbnail","hentry","category-haberler"],"_links":{"self":[{"href":"https:\/\/www.abchukuk.com\/index.php\/wp-json\/wp\/v2\/posts\/5836","targetHints":{"allow":["GET"]}}],"collection":[{"href":"https:\/\/www.abchukuk.com\/index.php\/wp-json\/wp\/v2\/posts"}],"about":[{"href":"https:\/\/www.abchukuk.com\/index.php\/wp-json\/wp\/v2\/types\/post"}],"author":[{"embeddable":true,"href":"https:\/\/www.abchukuk.com\/index.php\/wp-json\/wp\/v2\/users\/1"}],"replies":[{"embeddable":true,"href":"https:\/\/www.abchukuk.com\/index.php\/wp-json\/wp\/v2\/comments?post=5836"}],"version-history":[{"count":0,"href":"https:\/\/www.abchukuk.com\/index.php\/wp-json\/wp\/v2\/posts\/5836\/revisions"}],"wp:featuredmedia":[{"embeddable":true,"href":"https:\/\/www.abchukuk.com\/index.php\/wp-json\/wp\/v2\/media\/5837"}],"wp:attachment":[{"href":"https:\/\/www.abchukuk.com\/index.php\/wp-json\/wp\/v2\/media?parent=5836"}],"wp:term":[{"taxonomy":"category","embeddable":true,"href":"https:\/\/www.abchukuk.com\/index.php\/wp-json\/wp\/v2\/categories?post=5836"},{"taxonomy":"post_tag","embeddable":true,"href":"https:\/\/www.abchukuk.com\/index.php\/wp-json\/wp\/v2\/tags?post=5836"}],"curies":[{"name":"wp","href":"https:\/\/api.w.org\/{rel}","templated":true}]}}