{"id":5834,"date":"2025-09-20T13:39:00","date_gmt":"2025-09-20T13:39:00","guid":{"rendered":"https:\/\/www.abchukuk.com\/index.php\/2025\/09\/20\/yargitaydan-emsal-karar-pandemi-donemindeki-ucretsiz-izinler-kidem-tazminati-ve-yillik-izne-dahil-edilecek\/"},"modified":"2025-09-20T13:39:00","modified_gmt":"2025-09-20T13:39:00","slug":"yargitaydan-emsal-karar-pandemi-donemindeki-ucretsiz-izinler-kidem-tazminati-ve-yillik-izne-dahil-edilecek","status":"publish","type":"post","link":"https:\/\/www.abchukuk.com\/index.php\/2025\/09\/20\/yargitaydan-emsal-karar-pandemi-donemindeki-ucretsiz-izinler-kidem-tazminati-ve-yillik-izne-dahil-edilecek\/","title":{"rendered":"Yarg\u0131taydan emsal karar: Pandemi d\u00f6nemindeki \u00fccretsiz izinler k\u0131dem tazminat\u0131 ve y\u0131ll\u0131k izne dahil edilecek"},"content":{"rendered":"<p>Yarg\u0131tay 9. Hukuk Dairesi, pandemi d\u00f6neminde \u00fccretsiz izinde ge\u00e7irilen s\u00fcreler i\u015f\u00e7inin k\u0131dem tazminat\u0131 ve y\u0131ll\u0131k izin i\u00e7in hesaplanmas\u0131na karar verdi. Karara ili\u015fkin Sosyal G\u00fcvenlik Ba\u015fuzman\u0131 \u0130sa Karaka\u015f, &#8220;Bu kararla birlikte y\u00fcz binlerce \u00e7al\u0131\u015fan eksik \u00f6denmi\u015f olan k\u0131dem tazminat\u0131n\u0131, y\u0131ll\u0131k iznini alabilecek&#8221; dedi.Yarg\u0131tay 9. Hukuk Dairesi, pandemi d\u00f6neminde \u00fccretsiz izinde ge\u00e7irilen s\u00fcreler i\u015f\u00e7inin k\u0131dem tazminat\u0131 ve y\u0131ll\u0131k izin i\u00e7in hesaplanmas\u0131na karar verdi. Karara ili\u015fkin Sosyal G\u00fcvenlik Ba\u015fuzman\u0131 \u0130sa Karaka\u015f, &#8220;Bu kararla birlikte y\u00fcz binlerce \u00e7al\u0131\u015fan eksik \u00f6denmi\u015f olan k\u0131dem tazminat\u0131n\u0131, y\u0131ll\u0131k iznini alabilecek&#8221; dedi.\u00a0<a href=\"https:\/\/www.dunya.com\/ekonomi\/yargitaydan-emsal-karar-pandemi-donemindeki-ucretsiz-izinler-kidem-tazminati-ve-yillik-izne-dahil-edilecek-haberi-794918\" target=\"_blank\" class=\"feedzy-rss-link-icon\">Read More<\/a><\/p>","protected":false},"excerpt":{"rendered":"<p>Yarg\u0131tay 9. Hukuk Dairesi, pandemi d\u00f6neminde \u00fccretsiz izinde ge\u00e7irilen s\u00fcreler i\u015f\u00e7inin k\u0131dem tazminat\u0131 ve y\u0131ll\u0131k izin i\u00e7in hesaplanmas\u0131na karar verdi. Karara ili\u015fkin Sosyal G\u00fcvenlik Ba\u015fuzman\u0131 \u0130sa Karaka\u015f, &#8220;Bu kararla birlikte y\u00fcz binlerce \u00e7al\u0131\u015fan eksik \u00f6denmi\u015f olan k\u0131dem tazminat\u0131n\u0131, y\u0131ll\u0131k iznini alabilecek&#8221; dedi.Yarg\u0131tay 9. Hukuk Dairesi, pandemi d\u00f6neminde \u00fccretsiz izinde ge\u00e7irilen s\u00fcreler i\u015f\u00e7inin k\u0131dem tazminat\u0131 ve [&hellip;]<\/p>\n","protected":false},"author":1,"featured_media":5835,"comment_status":"open","ping_status":"open","sticky":false,"template":"","format":"standard","meta":{"footnotes":"","_links_to":"","_links_to_target":""},"categories":[1],"tags":[],"class_list":["post-5834","post","type-post","status-publish","format-standard","has-post-thumbnail","hentry","category-haberler"],"_links":{"self":[{"href":"https:\/\/www.abchukuk.com\/index.php\/wp-json\/wp\/v2\/posts\/5834","targetHints":{"allow":["GET"]}}],"collection":[{"href":"https:\/\/www.abchukuk.com\/index.php\/wp-json\/wp\/v2\/posts"}],"about":[{"href":"https:\/\/www.abchukuk.com\/index.php\/wp-json\/wp\/v2\/types\/post"}],"author":[{"embeddable":true,"href":"https:\/\/www.abchukuk.com\/index.php\/wp-json\/wp\/v2\/users\/1"}],"replies":[{"embeddable":true,"href":"https:\/\/www.abchukuk.com\/index.php\/wp-json\/wp\/v2\/comments?post=5834"}],"version-history":[{"count":0,"href":"https:\/\/www.abchukuk.com\/index.php\/wp-json\/wp\/v2\/posts\/5834\/revisions"}],"wp:featuredmedia":[{"embeddable":true,"href":"https:\/\/www.abchukuk.com\/index.php\/wp-json\/wp\/v2\/media\/5835"}],"wp:attachment":[{"href":"https:\/\/www.abchukuk.com\/index.php\/wp-json\/wp\/v2\/media?parent=5834"}],"wp:term":[{"taxonomy":"category","embeddable":true,"href":"https:\/\/www.abchukuk.com\/index.php\/wp-json\/wp\/v2\/categories?post=5834"},{"taxonomy":"post_tag","embeddable":true,"href":"https:\/\/www.abchukuk.com\/index.php\/wp-json\/wp\/v2\/tags?post=5834"}],"curies":[{"name":"wp","href":"https:\/\/api.w.org\/{rel}","templated":true}]}}