{"id":5822,"date":"2025-09-20T11:07:00","date_gmt":"2025-09-20T11:07:00","guid":{"rendered":"https:\/\/www.abchukuk.com\/index.php\/2025\/09\/20\/resul-emrah-sahan-6-aydir-cezaevinde-adaletsizlikle-can-yakmaya-son-verilmeli\/"},"modified":"2025-09-20T11:07:00","modified_gmt":"2025-09-20T11:07:00","slug":"resul-emrah-sahan-6-aydir-cezaevinde-adaletsizlikle-can-yakmaya-son-verilmeli","status":"publish","type":"post","link":"https:\/\/www.abchukuk.com\/index.php\/2025\/09\/20\/resul-emrah-sahan-6-aydir-cezaevinde-adaletsizlikle-can-yakmaya-son-verilmeli\/","title":{"rendered":"Resul Emrah \u015eahan 6 ayd\u0131r cezaevinde&#8230; &#8216;Adaletsizlikle can yakmaya son verilmeli&#8217;"},"content":{"rendered":"<p>\u015ei\u015fli Belediye Ba\u015fkan\u0131 Resul Emrah \u015eahan, 10 Mart 2025 tarihinde \u0130BB Meclis&#8217;inde yapt\u0131\u011f\u0131 konu\u015fmadan bir b\u00f6l\u00fcm payla\u015farak, &#8220;Adaletsizlikle can yakmaya, bu memleketin hayallerini k\u0131rmaya devam eden ak\u0131l durdurulmal\u0131, siyasi tutuklular bir an \u00f6nce serbest b\u0131rak\u0131lmal\u0131!&#8221; dedi.\u015ei\u015fli Belediye Ba\u015fkan\u0131 Resul Emrah \u015eahan, 10 Mart 2025 tarihinde \u0130BB Meclis&#8217;inde yapt\u0131\u011f\u0131 konu\u015fmadan bir b\u00f6l\u00fcm payla\u015farak, &#8220;Adaletsizlikle can yakmaya, bu memleketin hayallerini k\u0131rmaya devam eden ak\u0131l durdurulmal\u0131, siyasi tutuklular bir an \u00f6nce serbest b\u0131rak\u0131lmal\u0131!&#8221; dedi.\u00a0<a href=\"https:\/\/www.cumhuriyet.com.tr\/siyaset\/resul-emrah-sahan-6-aydir-cezaevinde-adaletsizlikle-can-yakmaya-son-verilmeli-2436740\" target=\"_blank\" class=\"feedzy-rss-link-icon\">Read More<\/a><\/p>","protected":false},"excerpt":{"rendered":"<p>\u015ei\u015fli Belediye Ba\u015fkan\u0131 Resul Emrah \u015eahan, 10 Mart 2025 tarihinde \u0130BB Meclis&#8217;inde yapt\u0131\u011f\u0131 konu\u015fmadan bir b\u00f6l\u00fcm payla\u015farak, &#8220;Adaletsizlikle can yakmaya, bu memleketin hayallerini k\u0131rmaya devam eden ak\u0131l durdurulmal\u0131, siyasi tutuklular bir an \u00f6nce serbest b\u0131rak\u0131lmal\u0131!&#8221; dedi.\u015ei\u015fli Belediye Ba\u015fkan\u0131 Resul Emrah \u015eahan, 10 Mart 2025 tarihinde \u0130BB Meclis&#8217;inde yapt\u0131\u011f\u0131 konu\u015fmadan bir b\u00f6l\u00fcm payla\u015farak, &#8220;Adaletsizlikle can yakmaya, [&hellip;]<\/p>\n","protected":false},"author":1,"featured_media":5823,"comment_status":"open","ping_status":"open","sticky":false,"template":"","format":"standard","meta":{"footnotes":"","_links_to":"","_links_to_target":""},"categories":[1],"tags":[],"class_list":["post-5822","post","type-post","status-publish","format-standard","has-post-thumbnail","hentry","category-haberler"],"_links":{"self":[{"href":"https:\/\/www.abchukuk.com\/index.php\/wp-json\/wp\/v2\/posts\/5822","targetHints":{"allow":["GET"]}}],"collection":[{"href":"https:\/\/www.abchukuk.com\/index.php\/wp-json\/wp\/v2\/posts"}],"about":[{"href":"https:\/\/www.abchukuk.com\/index.php\/wp-json\/wp\/v2\/types\/post"}],"author":[{"embeddable":true,"href":"https:\/\/www.abchukuk.com\/index.php\/wp-json\/wp\/v2\/users\/1"}],"replies":[{"embeddable":true,"href":"https:\/\/www.abchukuk.com\/index.php\/wp-json\/wp\/v2\/comments?post=5822"}],"version-history":[{"count":0,"href":"https:\/\/www.abchukuk.com\/index.php\/wp-json\/wp\/v2\/posts\/5822\/revisions"}],"wp:featuredmedia":[{"embeddable":true,"href":"https:\/\/www.abchukuk.com\/index.php\/wp-json\/wp\/v2\/media\/5823"}],"wp:attachment":[{"href":"https:\/\/www.abchukuk.com\/index.php\/wp-json\/wp\/v2\/media?parent=5822"}],"wp:term":[{"taxonomy":"category","embeddable":true,"href":"https:\/\/www.abchukuk.com\/index.php\/wp-json\/wp\/v2\/categories?post=5822"},{"taxonomy":"post_tag","embeddable":true,"href":"https:\/\/www.abchukuk.com\/index.php\/wp-json\/wp\/v2\/tags?post=5822"}],"curies":[{"name":"wp","href":"https:\/\/api.w.org\/{rel}","templated":true}]}}