{"id":5815,"date":"2025-09-20T10:21:00","date_gmt":"2025-09-20T10:21:00","guid":{"rendered":"https:\/\/www.abchukuk.com\/index.php\/2025\/09\/20\/koycegizde-alevlerle-mucadele-suruyor-218-ev-bosaltildi-582-kisi-tahliye-edildi\/"},"modified":"2025-09-20T10:21:00","modified_gmt":"2025-09-20T10:21:00","slug":"koycegizde-alevlerle-mucadele-suruyor-218-ev-bosaltildi-582-kisi-tahliye-edildi","status":"publish","type":"post","link":"https:\/\/www.abchukuk.com\/index.php\/2025\/09\/20\/koycegizde-alevlerle-mucadele-suruyor-218-ev-bosaltildi-582-kisi-tahliye-edildi\/","title":{"rendered":"K\u00f6yce\u011fiz&#8217;de alevlerle m\u00fccadele s\u00fcr\u00fcyor&#8230; 218 ev bo\u015falt\u0131ld\u0131, 582 ki\u015fi tahliye edildi"},"content":{"rendered":"<p>Mu\u011fla\u2019n\u0131n K\u00f6yce\u011fiz il\u00e7esinde iki g\u00fcnd\u00fcr devam eden orman yang\u0131n\u0131na ili\u015fkin Afet ve Acil Durum Y\u00f6netimi Ba\u015fkanl\u0131\u011f\u0131&#8217;ndan yap\u0131lan a\u00e7\u0131klamada, yang\u0131na m\u00fcdahale \u00e7al\u0131\u015fmalar\u0131n\u0131n devam etti\u011fi bildirildi. \u00d6te yandan alevlerin yakla\u015ft\u0131\u011f\u0131 Akk\u00f6pr\u00fc, Sazak ve P\u0131nar mahallelerinde tedbir ama\u00e7l\u0131 218 evin bo\u015falt\u0131ld\u0131\u011f\u0131, 582 yurtta\u015f\u0131n da tahliye edildi\u011fi kaydedildi.Mu\u011fla\u2019n\u0131n K\u00f6yce\u011fiz il\u00e7esinde iki g\u00fcnd\u00fcr devam eden orman yang\u0131n\u0131na ili\u015fkin Afet ve Acil Durum Y\u00f6netimi Ba\u015fkanl\u0131\u011f\u0131&#8217;ndan yap\u0131lan a\u00e7\u0131klamada, yang\u0131na m\u00fcdahale \u00e7al\u0131\u015fmalar\u0131n\u0131n devam etti\u011fi bildirildi. \u00d6te yandan alevlerin yakla\u015ft\u0131\u011f\u0131 Akk\u00f6pr\u00fc, Sazak ve P\u0131nar mahallelerinde tedbir ama\u00e7l\u0131 218 evin bo\u015falt\u0131ld\u0131\u011f\u0131, 582 yurtta\u015f\u0131n da tahliye edildi\u011fi kaydedildi.\u00a0<a href=\"https:\/\/www.cumhuriyet.com.tr\/turkiye\/koycegiz-de-alevlerle-mucadele-suruyor-218-ev-bosaltildi-582-kisi-tahliye-edildi-2436728\" target=\"_blank\" class=\"feedzy-rss-link-icon\">Read More<\/a><\/p>","protected":false},"excerpt":{"rendered":"<p>Mu\u011fla\u2019n\u0131n K\u00f6yce\u011fiz il\u00e7esinde iki g\u00fcnd\u00fcr devam eden orman yang\u0131n\u0131na ili\u015fkin Afet ve Acil Durum Y\u00f6netimi Ba\u015fkanl\u0131\u011f\u0131&#8217;ndan yap\u0131lan a\u00e7\u0131klamada, yang\u0131na m\u00fcdahale \u00e7al\u0131\u015fmalar\u0131n\u0131n devam etti\u011fi bildirildi. \u00d6te yandan alevlerin yakla\u015ft\u0131\u011f\u0131 Akk\u00f6pr\u00fc, Sazak ve P\u0131nar mahallelerinde tedbir ama\u00e7l\u0131 218 evin bo\u015falt\u0131ld\u0131\u011f\u0131, 582 yurtta\u015f\u0131n da tahliye edildi\u011fi kaydedildi.Mu\u011fla\u2019n\u0131n K\u00f6yce\u011fiz il\u00e7esinde iki g\u00fcnd\u00fcr devam eden orman yang\u0131n\u0131na ili\u015fkin Afet ve [&hellip;]<\/p>\n","protected":false},"author":1,"featured_media":5816,"comment_status":"open","ping_status":"open","sticky":false,"template":"","format":"standard","meta":{"footnotes":"","_links_to":"","_links_to_target":""},"categories":[1],"tags":[],"class_list":["post-5815","post","type-post","status-publish","format-standard","has-post-thumbnail","hentry","category-haberler"],"_links":{"self":[{"href":"https:\/\/www.abchukuk.com\/index.php\/wp-json\/wp\/v2\/posts\/5815","targetHints":{"allow":["GET"]}}],"collection":[{"href":"https:\/\/www.abchukuk.com\/index.php\/wp-json\/wp\/v2\/posts"}],"about":[{"href":"https:\/\/www.abchukuk.com\/index.php\/wp-json\/wp\/v2\/types\/post"}],"author":[{"embeddable":true,"href":"https:\/\/www.abchukuk.com\/index.php\/wp-json\/wp\/v2\/users\/1"}],"replies":[{"embeddable":true,"href":"https:\/\/www.abchukuk.com\/index.php\/wp-json\/wp\/v2\/comments?post=5815"}],"version-history":[{"count":0,"href":"https:\/\/www.abchukuk.com\/index.php\/wp-json\/wp\/v2\/posts\/5815\/revisions"}],"wp:featuredmedia":[{"embeddable":true,"href":"https:\/\/www.abchukuk.com\/index.php\/wp-json\/wp\/v2\/media\/5816"}],"wp:attachment":[{"href":"https:\/\/www.abchukuk.com\/index.php\/wp-json\/wp\/v2\/media?parent=5815"}],"wp:term":[{"taxonomy":"category","embeddable":true,"href":"https:\/\/www.abchukuk.com\/index.php\/wp-json\/wp\/v2\/categories?post=5815"},{"taxonomy":"post_tag","embeddable":true,"href":"https:\/\/www.abchukuk.com\/index.php\/wp-json\/wp\/v2\/tags?post=5815"}],"curies":[{"name":"wp","href":"https:\/\/api.w.org\/{rel}","templated":true}]}}