{"id":5807,"date":"2025-09-20T10:54:00","date_gmt":"2025-09-20T10:54:00","guid":{"rendered":"https:\/\/www.abchukuk.com\/index.php\/2025\/09\/20\/2025-2029-kooperatifcilik-stratejisi-resmi-gazetede-yayimlandi\/"},"modified":"2025-09-20T10:54:00","modified_gmt":"2025-09-20T10:54:00","slug":"2025-2029-kooperatifcilik-stratejisi-resmi-gazetede-yayimlandi","status":"publish","type":"post","link":"https:\/\/www.abchukuk.com\/index.php\/2025\/09\/20\/2025-2029-kooperatifcilik-stratejisi-resmi-gazetede-yayimlandi\/","title":{"rendered":"2025-2029 Kooperatif\u00e7ilik Stratejisi Resmi Gazete&#8217;de yay\u0131mland\u0131"},"content":{"rendered":"<p>Cumhurba\u015fkan\u0131 Erdo\u011fan imzas\u0131yla Resmi Gazete\u2019de yay\u0131mlanan genelgeyle 2025-2029 T\u00fcrkiye Kooperatif\u00e7ilik Stratejisi ve Eylem Plan\u0131 y\u00fcr\u00fcrl\u00fc\u011fe girdi. Planla, kooperatiflerin rekabet g\u00fcc\u00fcn\u00fcn art\u0131r\u0131lmas\u0131, s\u00fcrd\u00fcr\u00fclebilir kalk\u0131nmada etkin rol \u00fcstlenmesi ve toplumsal kalk\u0131nmaya \u00f6nc\u00fcl\u00fck etmesi hedefleniyor.Cumhurba\u015fkan\u0131 Erdo\u011fan imzas\u0131yla Resmi Gazete\u2019de yay\u0131mlanan genelgeyle 2025-2029 T\u00fcrkiye Kooperatif\u00e7ilik Stratejisi ve Eylem Plan\u0131 y\u00fcr\u00fcrl\u00fc\u011fe girdi. Planla, kooperatiflerin rekabet g\u00fcc\u00fcn\u00fcn art\u0131r\u0131lmas\u0131, s\u00fcrd\u00fcr\u00fclebilir kalk\u0131nmada etkin rol \u00fcstlenmesi ve toplumsal kalk\u0131nmaya \u00f6nc\u00fcl\u00fck etmesi hedefleniyor.\u00a0<a href=\"https:\/\/www.dunya.com\/ekonomi\/2025-2029-kooperatifcilik-stratejisi-resmi-gazetede-yayimlandi-haberi-794894\" target=\"_blank\" class=\"feedzy-rss-link-icon\">Read More<\/a><\/p>","protected":false},"excerpt":{"rendered":"<p>Cumhurba\u015fkan\u0131 Erdo\u011fan imzas\u0131yla Resmi Gazete\u2019de yay\u0131mlanan genelgeyle 2025-2029 T\u00fcrkiye Kooperatif\u00e7ilik Stratejisi ve Eylem Plan\u0131 y\u00fcr\u00fcrl\u00fc\u011fe girdi. Planla, kooperatiflerin rekabet g\u00fcc\u00fcn\u00fcn art\u0131r\u0131lmas\u0131, s\u00fcrd\u00fcr\u00fclebilir kalk\u0131nmada etkin rol \u00fcstlenmesi ve toplumsal kalk\u0131nmaya \u00f6nc\u00fcl\u00fck etmesi hedefleniyor.Cumhurba\u015fkan\u0131 Erdo\u011fan imzas\u0131yla Resmi Gazete\u2019de yay\u0131mlanan genelgeyle 2025-2029 T\u00fcrkiye Kooperatif\u00e7ilik Stratejisi ve Eylem Plan\u0131 y\u00fcr\u00fcrl\u00fc\u011fe girdi. Planla, kooperatiflerin rekabet g\u00fcc\u00fcn\u00fcn art\u0131r\u0131lmas\u0131, s\u00fcrd\u00fcr\u00fclebilir kalk\u0131nmada etkin [&hellip;]<\/p>\n","protected":false},"author":1,"featured_media":5808,"comment_status":"open","ping_status":"open","sticky":false,"template":"","format":"standard","meta":{"footnotes":"","_links_to":"","_links_to_target":""},"categories":[1],"tags":[],"class_list":["post-5807","post","type-post","status-publish","format-standard","has-post-thumbnail","hentry","category-haberler"],"_links":{"self":[{"href":"https:\/\/www.abchukuk.com\/index.php\/wp-json\/wp\/v2\/posts\/5807","targetHints":{"allow":["GET"]}}],"collection":[{"href":"https:\/\/www.abchukuk.com\/index.php\/wp-json\/wp\/v2\/posts"}],"about":[{"href":"https:\/\/www.abchukuk.com\/index.php\/wp-json\/wp\/v2\/types\/post"}],"author":[{"embeddable":true,"href":"https:\/\/www.abchukuk.com\/index.php\/wp-json\/wp\/v2\/users\/1"}],"replies":[{"embeddable":true,"href":"https:\/\/www.abchukuk.com\/index.php\/wp-json\/wp\/v2\/comments?post=5807"}],"version-history":[{"count":0,"href":"https:\/\/www.abchukuk.com\/index.php\/wp-json\/wp\/v2\/posts\/5807\/revisions"}],"wp:featuredmedia":[{"embeddable":true,"href":"https:\/\/www.abchukuk.com\/index.php\/wp-json\/wp\/v2\/media\/5808"}],"wp:attachment":[{"href":"https:\/\/www.abchukuk.com\/index.php\/wp-json\/wp\/v2\/media?parent=5807"}],"wp:term":[{"taxonomy":"category","embeddable":true,"href":"https:\/\/www.abchukuk.com\/index.php\/wp-json\/wp\/v2\/categories?post=5807"},{"taxonomy":"post_tag","embeddable":true,"href":"https:\/\/www.abchukuk.com\/index.php\/wp-json\/wp\/v2\/tags?post=5807"}],"curies":[{"name":"wp","href":"https:\/\/api.w.org\/{rel}","templated":true}]}}