{"id":5796,"date":"2025-09-20T09:42:00","date_gmt":"2025-09-20T09:42:00","guid":{"rendered":"https:\/\/www.abchukuk.com\/index.php\/2025\/09\/20\/kadikoyde-siyasi-tutuklular-icin-ozgurluk-cagrisi-hepimizin-ozgurlugu-siyasi-tutsaklarin-ozgurluguyle-mumkundur\/"},"modified":"2025-09-20T09:42:00","modified_gmt":"2025-09-20T09:42:00","slug":"kadikoyde-siyasi-tutuklular-icin-ozgurluk-cagrisi-hepimizin-ozgurlugu-siyasi-tutsaklarin-ozgurluguyle-mumkundur","status":"publish","type":"post","link":"https:\/\/www.abchukuk.com\/index.php\/2025\/09\/20\/kadikoyde-siyasi-tutuklular-icin-ozgurluk-cagrisi-hepimizin-ozgurlugu-siyasi-tutsaklarin-ozgurluguyle-mumkundur\/","title":{"rendered":"Kad\u0131k\u00f6y\u2019de siyasi tutuklular i\u00e7in \u00f6zg\u00fcrl\u00fck \u00e7a\u011fr\u0131s\u0131: &#8216;Hepimizin \u00f6zg\u00fcrl\u00fc\u011f\u00fc, siyasi tutsaklar\u0131n \u00f6zg\u00fcrl\u00fc\u011f\u00fcyle m\u00fcmk\u00fcnd\u00fcr!&#8217;"},"content":{"rendered":"<p>Siyasi tutuklular\u0131n serbest b\u0131rak\u0131lmas\u0131 talebiyle Kad\u0131k\u00f6y&#8217;de eylem yap\u0131ld\u0131. CHP Kad\u0131k\u00f6y \u0130l\u00e7e Ba\u015fkan\u0131 Ali Narin, \u201cHepimizin \u00f6zg\u00fcrl\u00fc\u011f\u00fc, siyasi tutsaklar\u0131n \u00f6zg\u00fcrl\u00fc\u011f\u00fcyle m\u00fcmk\u00fcnd\u00fcr!\u201d s\u00f6zleriyle eyleme damgas\u0131n\u0131 vurdu.Siyasi tutuklular\u0131n serbest b\u0131rak\u0131lmas\u0131 talebiyle Kad\u0131k\u00f6y&#8217;de eylem yap\u0131ld\u0131. CHP Kad\u0131k\u00f6y \u0130l\u00e7e Ba\u015fkan\u0131 Ali Narin, \u201cHepimizin \u00f6zg\u00fcrl\u00fc\u011f\u00fc, siyasi tutsaklar\u0131n \u00f6zg\u00fcrl\u00fc\u011f\u00fcyle m\u00fcmk\u00fcnd\u00fcr!\u201d s\u00f6zleriyle eyleme damgas\u0131n\u0131 vurdu.\u00a0<a href=\"https:\/\/www.cumhuriyet.com.tr\/siyaset\/kadikoy-de-siyasi-tutuklular-icin-ozgurluk-cagrisi-hepimizin-ozgurlugu-siyasi-tutsaklarin-ozgurluguyle-mumkundur-2436719\" target=\"_blank\" class=\"feedzy-rss-link-icon\">Read More<\/a><\/p>","protected":false},"excerpt":{"rendered":"<p>Siyasi tutuklular\u0131n serbest b\u0131rak\u0131lmas\u0131 talebiyle Kad\u0131k\u00f6y&#8217;de eylem yap\u0131ld\u0131. CHP Kad\u0131k\u00f6y \u0130l\u00e7e Ba\u015fkan\u0131 Ali Narin, \u201cHepimizin \u00f6zg\u00fcrl\u00fc\u011f\u00fc, siyasi tutsaklar\u0131n \u00f6zg\u00fcrl\u00fc\u011f\u00fcyle m\u00fcmk\u00fcnd\u00fcr!\u201d s\u00f6zleriyle eyleme damgas\u0131n\u0131 vurdu.Siyasi tutuklular\u0131n serbest b\u0131rak\u0131lmas\u0131 talebiyle Kad\u0131k\u00f6y&#8217;de eylem yap\u0131ld\u0131. CHP Kad\u0131k\u00f6y \u0130l\u00e7e Ba\u015fkan\u0131 Ali Narin, \u201cHepimizin \u00f6zg\u00fcrl\u00fc\u011f\u00fc, siyasi tutsaklar\u0131n \u00f6zg\u00fcrl\u00fc\u011f\u00fcyle m\u00fcmk\u00fcnd\u00fcr!\u201d s\u00f6zleriyle eyleme damgas\u0131n\u0131 vurdu.\u00a0Read More<\/p>\n","protected":false},"author":1,"featured_media":5797,"comment_status":"open","ping_status":"open","sticky":false,"template":"","format":"standard","meta":{"footnotes":"","_links_to":"","_links_to_target":""},"categories":[1],"tags":[],"class_list":["post-5796","post","type-post","status-publish","format-standard","has-post-thumbnail","hentry","category-haberler"],"_links":{"self":[{"href":"https:\/\/www.abchukuk.com\/index.php\/wp-json\/wp\/v2\/posts\/5796","targetHints":{"allow":["GET"]}}],"collection":[{"href":"https:\/\/www.abchukuk.com\/index.php\/wp-json\/wp\/v2\/posts"}],"about":[{"href":"https:\/\/www.abchukuk.com\/index.php\/wp-json\/wp\/v2\/types\/post"}],"author":[{"embeddable":true,"href":"https:\/\/www.abchukuk.com\/index.php\/wp-json\/wp\/v2\/users\/1"}],"replies":[{"embeddable":true,"href":"https:\/\/www.abchukuk.com\/index.php\/wp-json\/wp\/v2\/comments?post=5796"}],"version-history":[{"count":0,"href":"https:\/\/www.abchukuk.com\/index.php\/wp-json\/wp\/v2\/posts\/5796\/revisions"}],"wp:featuredmedia":[{"embeddable":true,"href":"https:\/\/www.abchukuk.com\/index.php\/wp-json\/wp\/v2\/media\/5797"}],"wp:attachment":[{"href":"https:\/\/www.abchukuk.com\/index.php\/wp-json\/wp\/v2\/media?parent=5796"}],"wp:term":[{"taxonomy":"category","embeddable":true,"href":"https:\/\/www.abchukuk.com\/index.php\/wp-json\/wp\/v2\/categories?post=5796"},{"taxonomy":"post_tag","embeddable":true,"href":"https:\/\/www.abchukuk.com\/index.php\/wp-json\/wp\/v2\/tags?post=5796"}],"curies":[{"name":"wp","href":"https:\/\/api.w.org\/{rel}","templated":true}]}}