{"id":5794,"date":"2025-09-20T09:42:00","date_gmt":"2025-09-20T09:42:00","guid":{"rendered":"https:\/\/www.abchukuk.com\/index.php\/2025\/09\/20\/koycegiz-belediyesine-operasyon-baskan-yardimcisina-ev-hapsi\/"},"modified":"2025-09-20T09:42:00","modified_gmt":"2025-09-20T09:42:00","slug":"koycegiz-belediyesine-operasyon-baskan-yardimcisina-ev-hapsi","status":"publish","type":"post","link":"https:\/\/www.abchukuk.com\/index.php\/2025\/09\/20\/koycegiz-belediyesine-operasyon-baskan-yardimcisina-ev-hapsi\/","title":{"rendered":"K\u00f6yce\u011fiz Belediyesi\u2019ne operasyon&#8230; Ba\u015fkan Yard\u0131mc\u0131s\u0131na ev hapsi!"},"content":{"rendered":"<p>Mu\u011fla&#8217;n\u0131n K\u00f6yce\u011fiz Belediyesi&#8217;ne y\u00f6nelik d\u00fczenlenen operasyonda g\u00f6zalt\u0131na al\u0131nan Ba\u015fkan Yard\u0131mc\u0131s\u0131 \u00d6zg\u00fcr \u00d6rnek&#8217;in de oldu\u011fu aralar\u0131nda oldu\u011fu 4 ki\u015fi adliyeye sevk edildi. \u00d6rnek ile m\u00fcteahhit Metin Y.&#8217;ye ev hapsi verildi.Mu\u011fla&#8217;n\u0131n K\u00f6yce\u011fiz Belediyesi&#8217;ne y\u00f6nelik d\u00fczenlenen operasyonda g\u00f6zalt\u0131na al\u0131nan Ba\u015fkan Yard\u0131mc\u0131s\u0131 \u00d6zg\u00fcr \u00d6rnek&#8217;in de oldu\u011fu aralar\u0131nda oldu\u011fu 4 ki\u015fi adliyeye sevk edildi. \u00d6rnek ile m\u00fcteahhit Metin Y.&#8217;ye ev hapsi verildi.\u00a0<a href=\"https:\/\/www.cumhuriyet.com.tr\/turkiye\/koycegiz-belediyesi-ne-operasyon-baskan-yardimcisina-ev-hapsi-2436720\" target=\"_blank\" class=\"feedzy-rss-link-icon\">Read More<\/a><\/p>","protected":false},"excerpt":{"rendered":"<p>Mu\u011fla&#8217;n\u0131n K\u00f6yce\u011fiz Belediyesi&#8217;ne y\u00f6nelik d\u00fczenlenen operasyonda g\u00f6zalt\u0131na al\u0131nan Ba\u015fkan Yard\u0131mc\u0131s\u0131 \u00d6zg\u00fcr \u00d6rnek&#8217;in de oldu\u011fu aralar\u0131nda oldu\u011fu 4 ki\u015fi adliyeye sevk edildi. \u00d6rnek ile m\u00fcteahhit Metin Y.&#8217;ye ev hapsi verildi.Mu\u011fla&#8217;n\u0131n K\u00f6yce\u011fiz Belediyesi&#8217;ne y\u00f6nelik d\u00fczenlenen operasyonda g\u00f6zalt\u0131na al\u0131nan Ba\u015fkan Yard\u0131mc\u0131s\u0131 \u00d6zg\u00fcr \u00d6rnek&#8217;in de oldu\u011fu aralar\u0131nda oldu\u011fu 4 ki\u015fi adliyeye sevk edildi. \u00d6rnek ile m\u00fcteahhit Metin Y.&#8217;ye ev [&hellip;]<\/p>\n","protected":false},"author":1,"featured_media":5795,"comment_status":"open","ping_status":"open","sticky":false,"template":"","format":"standard","meta":{"footnotes":"","_links_to":"","_links_to_target":""},"categories":[1],"tags":[],"class_list":["post-5794","post","type-post","status-publish","format-standard","has-post-thumbnail","hentry","category-haberler"],"_links":{"self":[{"href":"https:\/\/www.abchukuk.com\/index.php\/wp-json\/wp\/v2\/posts\/5794","targetHints":{"allow":["GET"]}}],"collection":[{"href":"https:\/\/www.abchukuk.com\/index.php\/wp-json\/wp\/v2\/posts"}],"about":[{"href":"https:\/\/www.abchukuk.com\/index.php\/wp-json\/wp\/v2\/types\/post"}],"author":[{"embeddable":true,"href":"https:\/\/www.abchukuk.com\/index.php\/wp-json\/wp\/v2\/users\/1"}],"replies":[{"embeddable":true,"href":"https:\/\/www.abchukuk.com\/index.php\/wp-json\/wp\/v2\/comments?post=5794"}],"version-history":[{"count":0,"href":"https:\/\/www.abchukuk.com\/index.php\/wp-json\/wp\/v2\/posts\/5794\/revisions"}],"wp:featuredmedia":[{"embeddable":true,"href":"https:\/\/www.abchukuk.com\/index.php\/wp-json\/wp\/v2\/media\/5795"}],"wp:attachment":[{"href":"https:\/\/www.abchukuk.com\/index.php\/wp-json\/wp\/v2\/media?parent=5794"}],"wp:term":[{"taxonomy":"category","embeddable":true,"href":"https:\/\/www.abchukuk.com\/index.php\/wp-json\/wp\/v2\/categories?post=5794"},{"taxonomy":"post_tag","embeddable":true,"href":"https:\/\/www.abchukuk.com\/index.php\/wp-json\/wp\/v2\/tags?post=5794"}],"curies":[{"name":"wp","href":"https:\/\/api.w.org\/{rel}","templated":true}]}}