{"id":5779,"date":"2025-09-20T07:35:00","date_gmt":"2025-09-20T07:35:00","guid":{"rendered":"https:\/\/www.abchukuk.com\/index.php\/2025\/09\/20\/erzincanda-app-plaka-operasyonu-5-kisi-gozaltina-alindi\/"},"modified":"2025-09-20T07:35:00","modified_gmt":"2025-09-20T07:35:00","slug":"erzincanda-app-plaka-operasyonu-5-kisi-gozaltina-alindi","status":"publish","type":"post","link":"https:\/\/www.abchukuk.com\/index.php\/2025\/09\/20\/erzincanda-app-plaka-operasyonu-5-kisi-gozaltina-alindi\/","title":{"rendered":"Erzincan\u2019da \u2019APP plaka\u2019 operasyonu: 5 ki\u015fi g\u00f6zalt\u0131na al\u0131nd\u0131"},"content":{"rendered":"<p>Erzincan \u0130l Emniyet M\u00fcd\u00fcrl\u00fc\u011f\u00fc Ka\u00e7ak\u00e7\u0131l\u0131k ve Organize Su\u00e7larla M\u00fccadele (KOM) \u015eube M\u00fcd\u00fcrl\u00fc\u011f\u00fc ekipleri, \u2019App plaka\u2019 diye tabir edilen, Avrupa Press Plaka olarak bilinen, b\u00fcy\u00fck ve kal\u0131n karakterlerden olu\u015fan yaz\u0131 stillerinin kullan\u0131ld\u0131\u011f\u0131 plakalar\u0131n yasa d\u0131\u015f\u0131 temin edip satarak haks\u0131z menfaat sa\u011flayan 5 ki\u015fiyi g\u00f6zalt\u0131na ald\u0131.Erzincan \u0130l Emniyet M\u00fcd\u00fcrl\u00fc\u011f\u00fc Ka\u00e7ak\u00e7\u0131l\u0131k ve Organize Su\u00e7larla M\u00fccadele (KOM) \u015eube M\u00fcd\u00fcrl\u00fc\u011f\u00fc ekipleri, \u2019App plaka\u2019 diye tabir edilen, Avrupa Press Plaka olarak bilinen, b\u00fcy\u00fck ve kal\u0131n karakterlerden olu\u015fan yaz\u0131 stillerinin kullan\u0131ld\u0131\u011f\u0131 plakalar\u0131n yasa d\u0131\u015f\u0131 temin edip satarak haks\u0131z menfaat sa\u011flayan 5 ki\u015fiyi g\u00f6zalt\u0131na ald\u0131.\u00a0<a href=\"https:\/\/www.cumhuriyet.com.tr\/turkiye\/erzincan-da-app-plaka-operasyonu-5-kisi-gozaltina-alindi-2436696\" target=\"_blank\" class=\"feedzy-rss-link-icon\">Read More<\/a><\/p>","protected":false},"excerpt":{"rendered":"<p>Erzincan \u0130l Emniyet M\u00fcd\u00fcrl\u00fc\u011f\u00fc Ka\u00e7ak\u00e7\u0131l\u0131k ve Organize Su\u00e7larla M\u00fccadele (KOM) \u015eube M\u00fcd\u00fcrl\u00fc\u011f\u00fc ekipleri, \u2019App plaka\u2019 diye tabir edilen, Avrupa Press Plaka olarak bilinen, b\u00fcy\u00fck ve kal\u0131n karakterlerden olu\u015fan yaz\u0131 stillerinin kullan\u0131ld\u0131\u011f\u0131 plakalar\u0131n yasa d\u0131\u015f\u0131 temin edip satarak haks\u0131z menfaat sa\u011flayan 5 ki\u015fiyi g\u00f6zalt\u0131na ald\u0131.Erzincan \u0130l Emniyet M\u00fcd\u00fcrl\u00fc\u011f\u00fc Ka\u00e7ak\u00e7\u0131l\u0131k ve Organize Su\u00e7larla M\u00fccadele (KOM) \u015eube M\u00fcd\u00fcrl\u00fc\u011f\u00fc [&hellip;]<\/p>\n","protected":false},"author":1,"featured_media":5780,"comment_status":"open","ping_status":"open","sticky":false,"template":"","format":"standard","meta":{"footnotes":"","_links_to":"","_links_to_target":""},"categories":[1],"tags":[],"class_list":["post-5779","post","type-post","status-publish","format-standard","has-post-thumbnail","hentry","category-haberler"],"_links":{"self":[{"href":"https:\/\/www.abchukuk.com\/index.php\/wp-json\/wp\/v2\/posts\/5779","targetHints":{"allow":["GET"]}}],"collection":[{"href":"https:\/\/www.abchukuk.com\/index.php\/wp-json\/wp\/v2\/posts"}],"about":[{"href":"https:\/\/www.abchukuk.com\/index.php\/wp-json\/wp\/v2\/types\/post"}],"author":[{"embeddable":true,"href":"https:\/\/www.abchukuk.com\/index.php\/wp-json\/wp\/v2\/users\/1"}],"replies":[{"embeddable":true,"href":"https:\/\/www.abchukuk.com\/index.php\/wp-json\/wp\/v2\/comments?post=5779"}],"version-history":[{"count":0,"href":"https:\/\/www.abchukuk.com\/index.php\/wp-json\/wp\/v2\/posts\/5779\/revisions"}],"wp:featuredmedia":[{"embeddable":true,"href":"https:\/\/www.abchukuk.com\/index.php\/wp-json\/wp\/v2\/media\/5780"}],"wp:attachment":[{"href":"https:\/\/www.abchukuk.com\/index.php\/wp-json\/wp\/v2\/media?parent=5779"}],"wp:term":[{"taxonomy":"category","embeddable":true,"href":"https:\/\/www.abchukuk.com\/index.php\/wp-json\/wp\/v2\/categories?post=5779"},{"taxonomy":"post_tag","embeddable":true,"href":"https:\/\/www.abchukuk.com\/index.php\/wp-json\/wp\/v2\/tags?post=5779"}],"curies":[{"name":"wp","href":"https:\/\/api.w.org\/{rel}","templated":true}]}}