{"id":5766,"date":"2025-09-20T01:00:00","date_gmt":"2025-09-20T01:00:00","guid":{"rendered":"https:\/\/www.abchukuk.com\/index.php\/2025\/09\/20\/chp-lideri-ozel-sorulari-yazili-verdi-adalet-bakani-yine-yargi-bagimsiz-dedi-ozele-kopyala-yapistir-yanit\/"},"modified":"2025-09-20T01:00:00","modified_gmt":"2025-09-20T01:00:00","slug":"chp-lideri-ozel-sorulari-yazili-verdi-adalet-bakani-yine-yargi-bagimsiz-dedi-ozele-kopyala-yapistir-yanit","status":"publish","type":"post","link":"https:\/\/www.abchukuk.com\/index.php\/2025\/09\/20\/chp-lideri-ozel-sorulari-yazili-verdi-adalet-bakani-yine-yargi-bagimsiz-dedi-ozele-kopyala-yapistir-yanit\/","title":{"rendered":"CHP lideri \u00d6zel sorular\u0131 yaz\u0131l\u0131 verdi, Adalet Bakan\u0131 yine \u2018Yarg\u0131 ba\u011f\u0131ms\u0131z\u2019 dedi: \u00d6zel\u2019e \u2018kopyala-yap\u0131\u015ft\u0131r\u2019 yan\u0131t"},"content":{"rendered":"<p>CHP Genel Ba\u015fkan\u0131 \u00d6zg\u00fcr \u00d6zel\u2019in belediyelere y\u00f6nelik operasyonlarla ilgili y\u00f6neltti\u011fi 7 soruya Adalet Bakan\u0131 Y\u0131lmaz Tun\u00e7 yine \u201cyarg\u0131 ba\u011f\u0131ms\u0131z\u201d yan\u0131t\u0131 verdi. Tun\u00e7, soru\u015fturman\u0131n gizli y\u00fcr\u00fct\u00fcld\u00fc\u011f\u00fcn\u00fc belirterek \u201cBakanl\u0131kta bilgi yok\u201d dedi; AKP\u2019li M\u00fccahit Birinci hakk\u0131ndaki iddialara ise farkl\u0131 bir yan\u0131t getirmedi.CHP Genel Ba\u015fkan\u0131 \u00d6zg\u00fcr \u00d6zel\u2019in belediyelere y\u00f6nelik operasyonlarla ilgili y\u00f6neltti\u011fi 7 soruya Adalet Bakan\u0131 Y\u0131lmaz Tun\u00e7 yine \u201cyarg\u0131 ba\u011f\u0131ms\u0131z\u201d yan\u0131t\u0131 verdi. Tun\u00e7, soru\u015fturman\u0131n gizli y\u00fcr\u00fct\u00fcld\u00fc\u011f\u00fcn\u00fc belirterek \u201cBakanl\u0131kta bilgi yok\u201d dedi; AKP\u2019li M\u00fccahit Birinci hakk\u0131ndaki iddialara ise farkl\u0131 bir yan\u0131t getirmedi.\u00a0<a href=\"https:\/\/www.cumhuriyet.com.tr\/turkiye\/chp-lideri-ozel-sorulari-yazili-verdi-adalet-bakani-yine-yargi-bagimsiz-dedi-ozel-e-kopyala-yapistir-yanit-2436598\" target=\"_blank\" class=\"feedzy-rss-link-icon\">Read More<\/a><\/p>","protected":false},"excerpt":{"rendered":"<p>CHP Genel Ba\u015fkan\u0131 \u00d6zg\u00fcr \u00d6zel\u2019in belediyelere y\u00f6nelik operasyonlarla ilgili y\u00f6neltti\u011fi 7 soruya Adalet Bakan\u0131 Y\u0131lmaz Tun\u00e7 yine \u201cyarg\u0131 ba\u011f\u0131ms\u0131z\u201d yan\u0131t\u0131 verdi. Tun\u00e7, soru\u015fturman\u0131n gizli y\u00fcr\u00fct\u00fcld\u00fc\u011f\u00fcn\u00fc belirterek \u201cBakanl\u0131kta bilgi yok\u201d dedi; AKP\u2019li M\u00fccahit Birinci hakk\u0131ndaki iddialara ise farkl\u0131 bir yan\u0131t getirmedi.CHP Genel Ba\u015fkan\u0131 \u00d6zg\u00fcr \u00d6zel\u2019in belediyelere y\u00f6nelik operasyonlarla ilgili y\u00f6neltti\u011fi 7 soruya Adalet Bakan\u0131 Y\u0131lmaz Tun\u00e7 [&hellip;]<\/p>\n","protected":false},"author":1,"featured_media":5767,"comment_status":"open","ping_status":"open","sticky":false,"template":"","format":"standard","meta":{"footnotes":"","_links_to":"","_links_to_target":""},"categories":[1],"tags":[],"class_list":["post-5766","post","type-post","status-publish","format-standard","has-post-thumbnail","hentry","category-haberler"],"_links":{"self":[{"href":"https:\/\/www.abchukuk.com\/index.php\/wp-json\/wp\/v2\/posts\/5766","targetHints":{"allow":["GET"]}}],"collection":[{"href":"https:\/\/www.abchukuk.com\/index.php\/wp-json\/wp\/v2\/posts"}],"about":[{"href":"https:\/\/www.abchukuk.com\/index.php\/wp-json\/wp\/v2\/types\/post"}],"author":[{"embeddable":true,"href":"https:\/\/www.abchukuk.com\/index.php\/wp-json\/wp\/v2\/users\/1"}],"replies":[{"embeddable":true,"href":"https:\/\/www.abchukuk.com\/index.php\/wp-json\/wp\/v2\/comments?post=5766"}],"version-history":[{"count":0,"href":"https:\/\/www.abchukuk.com\/index.php\/wp-json\/wp\/v2\/posts\/5766\/revisions"}],"wp:featuredmedia":[{"embeddable":true,"href":"https:\/\/www.abchukuk.com\/index.php\/wp-json\/wp\/v2\/media\/5767"}],"wp:attachment":[{"href":"https:\/\/www.abchukuk.com\/index.php\/wp-json\/wp\/v2\/media?parent=5766"}],"wp:term":[{"taxonomy":"category","embeddable":true,"href":"https:\/\/www.abchukuk.com\/index.php\/wp-json\/wp\/v2\/categories?post=5766"},{"taxonomy":"post_tag","embeddable":true,"href":"https:\/\/www.abchukuk.com\/index.php\/wp-json\/wp\/v2\/tags?post=5766"}],"curies":[{"name":"wp","href":"https:\/\/api.w.org\/{rel}","templated":true}]}}