{"id":5764,"date":"2025-09-20T01:00:00","date_gmt":"2025-09-20T01:00:00","guid":{"rendered":"https:\/\/www.abchukuk.com\/index.php\/2025\/09\/20\/deva-partisi-genel-baskani-ali-babacan-gazetecilerle-bir-araya-geldi-turkiye-hukuk-adalet-ve-demokrasi-krizinde\/"},"modified":"2025-09-20T01:00:00","modified_gmt":"2025-09-20T01:00:00","slug":"deva-partisi-genel-baskani-ali-babacan-gazetecilerle-bir-araya-geldi-turkiye-hukuk-adalet-ve-demokrasi-krizinde","status":"publish","type":"post","link":"https:\/\/www.abchukuk.com\/index.php\/2025\/09\/20\/deva-partisi-genel-baskani-ali-babacan-gazetecilerle-bir-araya-geldi-turkiye-hukuk-adalet-ve-demokrasi-krizinde\/","title":{"rendered":"DEVA Partisi Genel Ba\u015fkan\u0131 Ali Babacan gazetecilerle bir araya geldi: \u2018T\u00fcrkiye hukuk, adalet ve demokrasi krizinde\u2019"},"content":{"rendered":"<p>Gazetecilerle bir araya gelerek g\u00fcndemi de\u011ferlendiren DEVA Partisi Genel Ba\u015fkan\u0131 Ali Babacan, T\u00fcrkiye\u2019nin hukuk, adalet ve demokrasi krizinde oldu\u011funu s\u00f6yledi. Cumhurba\u015fkan\u0131 Yard\u0131mc\u0131s\u0131 Cevdet Y\u0131lmaz ve Hazine ve Maliye Bakan\u0131 Mehmet \u015eim\u015fek\u2019e, \u2018G\u00f6re g\u00f6re yanl\u0131\u015f\u0131 savunmay\u0131n\u2019 uyar\u0131s\u0131nda bulunan Babacan, iktidar\u0131n ba\u015flatt\u0131\u011f\u0131 \u2018Ter\u00f6rs\u00fcz T\u00fcrkiye\u2019 s\u00fcrecine ili\u015fkin ise Cumhurba\u015fkan\u0131 Erdo\u011fan\u2019\u0131n biraz daha tabloya bakaca\u011f\u0131n\u0131, olumlu bir sonu\u00e7ta s\u00fcreci sahiplenece\u011fini olumsuz bir sonu\u00e7ta ise s\u00fcrece mesafe koyaca\u011f\u0131n\u0131 belirtti.Gazetecilerle bir araya gelerek g\u00fcndemi de\u011ferlendiren DEVA Partisi Genel Ba\u015fkan\u0131 Ali Babacan, T\u00fcrkiye\u2019nin hukuk, adalet ve demokrasi krizinde oldu\u011funu s\u00f6yledi. Cumhurba\u015fkan\u0131 Yard\u0131mc\u0131s\u0131 Cevdet Y\u0131lmaz ve Hazine ve Maliye Bakan\u0131 Mehmet \u015eim\u015fek\u2019e, \u2018G\u00f6re g\u00f6re yanl\u0131\u015f\u0131 savunmay\u0131n\u2019 uyar\u0131s\u0131nda bulunan Babacan, iktidar\u0131n ba\u015flatt\u0131\u011f\u0131 \u2018Ter\u00f6rs\u00fcz T\u00fcrkiye\u2019 s\u00fcrecine ili\u015fkin ise Cumhurba\u015fkan\u0131 Erdo\u011fan\u2019\u0131n biraz daha tabloya bakaca\u011f\u0131n\u0131, olumlu bir sonu\u00e7ta s\u00fcreci sahiplenece\u011fini olumsuz bir sonu\u00e7ta ise s\u00fcrece mesafe koyaca\u011f\u0131n\u0131 belirtti.\u00a0<a href=\"https:\/\/www.cumhuriyet.com.tr\/siyaset\/deva-partisi-genel-baskani-ali-babacan-gazetecilerle-bir-araya-geldi-turkiye-hukuk-adalet-ve-demokrasi-krizinde-2436597\" target=\"_blank\" class=\"feedzy-rss-link-icon\">Read More<\/a><\/p>","protected":false},"excerpt":{"rendered":"<p>Gazetecilerle bir araya gelerek g\u00fcndemi de\u011ferlendiren DEVA Partisi Genel Ba\u015fkan\u0131 Ali Babacan, T\u00fcrkiye\u2019nin hukuk, adalet ve demokrasi krizinde oldu\u011funu s\u00f6yledi. Cumhurba\u015fkan\u0131 Yard\u0131mc\u0131s\u0131 Cevdet Y\u0131lmaz ve Hazine ve Maliye Bakan\u0131 Mehmet \u015eim\u015fek\u2019e, \u2018G\u00f6re g\u00f6re yanl\u0131\u015f\u0131 savunmay\u0131n\u2019 uyar\u0131s\u0131nda bulunan Babacan, iktidar\u0131n ba\u015flatt\u0131\u011f\u0131 \u2018Ter\u00f6rs\u00fcz T\u00fcrkiye\u2019 s\u00fcrecine ili\u015fkin ise Cumhurba\u015fkan\u0131 Erdo\u011fan\u2019\u0131n biraz daha tabloya bakaca\u011f\u0131n\u0131, olumlu bir sonu\u00e7ta s\u00fcreci [&hellip;]<\/p>\n","protected":false},"author":1,"featured_media":5765,"comment_status":"open","ping_status":"open","sticky":false,"template":"","format":"standard","meta":{"footnotes":"","_links_to":"","_links_to_target":""},"categories":[1],"tags":[],"class_list":["post-5764","post","type-post","status-publish","format-standard","has-post-thumbnail","hentry","category-haberler"],"_links":{"self":[{"href":"https:\/\/www.abchukuk.com\/index.php\/wp-json\/wp\/v2\/posts\/5764","targetHints":{"allow":["GET"]}}],"collection":[{"href":"https:\/\/www.abchukuk.com\/index.php\/wp-json\/wp\/v2\/posts"}],"about":[{"href":"https:\/\/www.abchukuk.com\/index.php\/wp-json\/wp\/v2\/types\/post"}],"author":[{"embeddable":true,"href":"https:\/\/www.abchukuk.com\/index.php\/wp-json\/wp\/v2\/users\/1"}],"replies":[{"embeddable":true,"href":"https:\/\/www.abchukuk.com\/index.php\/wp-json\/wp\/v2\/comments?post=5764"}],"version-history":[{"count":0,"href":"https:\/\/www.abchukuk.com\/index.php\/wp-json\/wp\/v2\/posts\/5764\/revisions"}],"wp:featuredmedia":[{"embeddable":true,"href":"https:\/\/www.abchukuk.com\/index.php\/wp-json\/wp\/v2\/media\/5765"}],"wp:attachment":[{"href":"https:\/\/www.abchukuk.com\/index.php\/wp-json\/wp\/v2\/media?parent=5764"}],"wp:term":[{"taxonomy":"category","embeddable":true,"href":"https:\/\/www.abchukuk.com\/index.php\/wp-json\/wp\/v2\/categories?post=5764"},{"taxonomy":"post_tag","embeddable":true,"href":"https:\/\/www.abchukuk.com\/index.php\/wp-json\/wp\/v2\/tags?post=5764"}],"curies":[{"name":"wp","href":"https:\/\/api.w.org\/{rel}","templated":true}]}}