{"id":5762,"date":"2025-09-20T01:00:00","date_gmt":"2025-09-20T01:00:00","guid":{"rendered":"https:\/\/www.abchukuk.com\/index.php\/2025\/09\/20\/imamoglu-icin-siyasi-yasak-istenen-ahmak-davasinda-ceza-onandi-dosya-yargitaya-gidiyor-siyasi-muhendislik\/"},"modified":"2025-09-20T01:00:00","modified_gmt":"2025-09-20T01:00:00","slug":"imamoglu-icin-siyasi-yasak-istenen-ahmak-davasinda-ceza-onandi-dosya-yargitaya-gidiyor-siyasi-muhendislik","status":"publish","type":"post","link":"https:\/\/www.abchukuk.com\/index.php\/2025\/09\/20\/imamoglu-icin-siyasi-yasak-istenen-ahmak-davasinda-ceza-onandi-dosya-yargitaya-gidiyor-siyasi-muhendislik\/","title":{"rendered":"\u0130mamo\u011flu i\u00e7in siyasi yasak istenen \u2018ahmak davas\u0131\u2019nda ceza onand\u0131, dosya Yarg\u0131tay\u2019a gidiyor: \u2018Siyasi m\u00fchendislik\u2019"},"content":{"rendered":"<p>\u201cAhmak davas\u0131\u201dnda \u0130BB Ba\u015fkan\u0131 ve CHP\u2019nin cumhurba\u015fkan\u0131 aday\u0131 Ekrem \u0130mamo\u011flu\u2019na verilen 2 y\u0131l 7 ay 15 g\u00fcnl\u00fck hapis ve siyasi yasak cezas\u0131, istinafta 1 y\u0131l 19 ay 15 g\u00fcn olarak onand\u0131. Avukat\u0131 karar\u0131n Yarg\u0131tay\u2019a ta\u015f\u0131naca\u011f\u0131n\u0131 belirtirken, CHP\u2019liler \u201cBu dava siyasi m\u00fchendislik operasyonudur\u201d diyerek tepki g\u00f6sterdi.\u201cAhmak davas\u0131\u201dnda \u0130BB Ba\u015fkan\u0131 ve CHP\u2019nin cumhurba\u015fkan\u0131 aday\u0131 Ekrem \u0130mamo\u011flu\u2019na verilen 2 y\u0131l 7 ay 15 g\u00fcnl\u00fck hapis ve siyasi yasak cezas\u0131, istinafta 1 y\u0131l 19 ay 15 g\u00fcn olarak onand\u0131. Avukat\u0131 karar\u0131n Yarg\u0131tay\u2019a ta\u015f\u0131naca\u011f\u0131n\u0131 belirtirken, CHP\u2019liler \u201cBu dava siyasi m\u00fchendislik operasyonudur\u201d diyerek tepki g\u00f6sterdi.\u00a0<a href=\"https:\/\/www.cumhuriyet.com.tr\/siyaset\/imamoglu-icin-siyasi-yasak-istenen-ahmak-davasi-nda-ceza-onandi-dosya-yargitay-a-gidiyor-siyasi-muhendislik-2436653\" target=\"_blank\" class=\"feedzy-rss-link-icon\">Read More<\/a><\/p>","protected":false},"excerpt":{"rendered":"<p>\u201cAhmak davas\u0131\u201dnda \u0130BB Ba\u015fkan\u0131 ve CHP\u2019nin cumhurba\u015fkan\u0131 aday\u0131 Ekrem \u0130mamo\u011flu\u2019na verilen 2 y\u0131l 7 ay 15 g\u00fcnl\u00fck hapis ve siyasi yasak cezas\u0131, istinafta 1 y\u0131l 19 ay 15 g\u00fcn olarak onand\u0131. Avukat\u0131 karar\u0131n Yarg\u0131tay\u2019a ta\u015f\u0131naca\u011f\u0131n\u0131 belirtirken, CHP\u2019liler \u201cBu dava siyasi m\u00fchendislik operasyonudur\u201d diyerek tepki g\u00f6sterdi.\u201cAhmak davas\u0131\u201dnda \u0130BB Ba\u015fkan\u0131 ve CHP\u2019nin cumhurba\u015fkan\u0131 aday\u0131 Ekrem \u0130mamo\u011flu\u2019na verilen [&hellip;]<\/p>\n","protected":false},"author":1,"featured_media":5763,"comment_status":"open","ping_status":"open","sticky":false,"template":"","format":"standard","meta":{"footnotes":"","_links_to":"","_links_to_target":""},"categories":[1],"tags":[],"class_list":["post-5762","post","type-post","status-publish","format-standard","has-post-thumbnail","hentry","category-haberler"],"_links":{"self":[{"href":"https:\/\/www.abchukuk.com\/index.php\/wp-json\/wp\/v2\/posts\/5762","targetHints":{"allow":["GET"]}}],"collection":[{"href":"https:\/\/www.abchukuk.com\/index.php\/wp-json\/wp\/v2\/posts"}],"about":[{"href":"https:\/\/www.abchukuk.com\/index.php\/wp-json\/wp\/v2\/types\/post"}],"author":[{"embeddable":true,"href":"https:\/\/www.abchukuk.com\/index.php\/wp-json\/wp\/v2\/users\/1"}],"replies":[{"embeddable":true,"href":"https:\/\/www.abchukuk.com\/index.php\/wp-json\/wp\/v2\/comments?post=5762"}],"version-history":[{"count":0,"href":"https:\/\/www.abchukuk.com\/index.php\/wp-json\/wp\/v2\/posts\/5762\/revisions"}],"wp:featuredmedia":[{"embeddable":true,"href":"https:\/\/www.abchukuk.com\/index.php\/wp-json\/wp\/v2\/media\/5763"}],"wp:attachment":[{"href":"https:\/\/www.abchukuk.com\/index.php\/wp-json\/wp\/v2\/media?parent=5762"}],"wp:term":[{"taxonomy":"category","embeddable":true,"href":"https:\/\/www.abchukuk.com\/index.php\/wp-json\/wp\/v2\/categories?post=5762"},{"taxonomy":"post_tag","embeddable":true,"href":"https:\/\/www.abchukuk.com\/index.php\/wp-json\/wp\/v2\/tags?post=5762"}],"curies":[{"name":"wp","href":"https:\/\/api.w.org\/{rel}","templated":true}]}}