{"id":5756,"date":"2025-09-19T07:45:35","date_gmt":"2025-09-19T07:45:35","guid":{"rendered":"https:\/\/www.abchukuk.com\/index.php\/2025\/09\/19\/berlinde-10-bin-kisi-80-yillik-bomba-nedeniyle-tahliye-edildi\/"},"modified":"2025-09-19T07:45:35","modified_gmt":"2025-09-19T07:45:35","slug":"berlinde-10-bin-kisi-80-yillik-bomba-nedeniyle-tahliye-edildi","status":"publish","type":"post","link":"https:\/\/www.abchukuk.com\/index.php\/2025\/09\/19\/berlinde-10-bin-kisi-80-yillik-bomba-nedeniyle-tahliye-edildi\/","title":{"rendered":"Berlin&#8217;de 10 bin ki\u015fi 80 y\u0131ll\u0131k bomba nedeniyle tahliye edildi"},"content":{"rendered":"<p>Almanya&#8217;n\u0131n ba\u015fkenti Berlin&#8217;de \u0130kinci D\u00fcnya Sava\u015f\u0131&#8217;ndan kalma bomba bulunmas\u0131 nedeniyle yakla\u015f\u0131k 10 bin ki\u015fi evlerinden tahliye edildi.Almanya&#8217;n\u0131n ba\u015fkenti Berlin&#8217;de \u0130kinci D\u00fcnya Sava\u015f\u0131&#8217;ndan kalma bomba bulunmas\u0131 nedeniyle yakla\u015f\u0131k 10 bin ki\u015fi evlerinden tahliye edildi.\u00a0<a href=\"https:\/\/www.haberturk.com\/almanya-da-ii-dunya-savasi-ndan-kalma-bomba-nedeniyle-10-bin-kisi-tahliye-edildi-3823568\" target=\"_blank\" class=\"feedzy-rss-link-icon\">Read More<\/a><\/p>","protected":false},"excerpt":{"rendered":"<p>Almanya&#8217;n\u0131n ba\u015fkenti Berlin&#8217;de \u0130kinci D\u00fcnya Sava\u015f\u0131&#8217;ndan kalma bomba bulunmas\u0131 nedeniyle yakla\u015f\u0131k 10 bin ki\u015fi evlerinden tahliye edildi.Almanya&#8217;n\u0131n ba\u015fkenti Berlin&#8217;de \u0130kinci D\u00fcnya Sava\u015f\u0131&#8217;ndan kalma bomba bulunmas\u0131 nedeniyle yakla\u015f\u0131k 10 bin ki\u015fi evlerinden tahliye edildi.\u00a0Read More<\/p>\n","protected":false},"author":1,"featured_media":0,"comment_status":"open","ping_status":"open","sticky":false,"template":"","format":"standard","meta":{"footnotes":"","_links_to":"","_links_to_target":""},"categories":[1],"tags":[],"class_list":["post-5756","post","type-post","status-publish","format-standard","hentry","category-haberler"],"_links":{"self":[{"href":"https:\/\/www.abchukuk.com\/index.php\/wp-json\/wp\/v2\/posts\/5756","targetHints":{"allow":["GET"]}}],"collection":[{"href":"https:\/\/www.abchukuk.com\/index.php\/wp-json\/wp\/v2\/posts"}],"about":[{"href":"https:\/\/www.abchukuk.com\/index.php\/wp-json\/wp\/v2\/types\/post"}],"author":[{"embeddable":true,"href":"https:\/\/www.abchukuk.com\/index.php\/wp-json\/wp\/v2\/users\/1"}],"replies":[{"embeddable":true,"href":"https:\/\/www.abchukuk.com\/index.php\/wp-json\/wp\/v2\/comments?post=5756"}],"version-history":[{"count":0,"href":"https:\/\/www.abchukuk.com\/index.php\/wp-json\/wp\/v2\/posts\/5756\/revisions"}],"wp:attachment":[{"href":"https:\/\/www.abchukuk.com\/index.php\/wp-json\/wp\/v2\/media?parent=5756"}],"wp:term":[{"taxonomy":"category","embeddable":true,"href":"https:\/\/www.abchukuk.com\/index.php\/wp-json\/wp\/v2\/categories?post=5756"},{"taxonomy":"post_tag","embeddable":true,"href":"https:\/\/www.abchukuk.com\/index.php\/wp-json\/wp\/v2\/tags?post=5756"}],"curies":[{"name":"wp","href":"https:\/\/api.w.org\/{rel}","templated":true}]}}