{"id":5754,"date":"2025-09-19T09:41:22","date_gmt":"2025-09-19T09:41:22","guid":{"rendered":"https:\/\/www.abchukuk.com\/index.php\/2025\/09\/19\/doktor-esini-ve-cocugunu-oldurmekten-tutuklanmisti-cezaevinde-intihar-girisimi\/"},"modified":"2025-09-19T09:41:22","modified_gmt":"2025-09-19T09:41:22","slug":"doktor-esini-ve-cocugunu-oldurmekten-tutuklanmisti-cezaevinde-intihar-girisimi","status":"publish","type":"post","link":"https:\/\/www.abchukuk.com\/index.php\/2025\/09\/19\/doktor-esini-ve-cocugunu-oldurmekten-tutuklanmisti-cezaevinde-intihar-girisimi\/","title":{"rendered":"Doktor, e\u015fini ve \u00e7ocu\u011funu \u00f6ld\u00fcrmekten tutuklanm\u0131\u015ft\u0131! Cezaevinde intihar giri\u015fimi!"},"content":{"rendered":"<p>Samsun\u2019da, K\u0131z\u0131l\u0131rmak Nehri\u2019ne u\u00e7an otomobilde ya\u015fam\u0131n\u0131 yitiren e\u015fi 34 ya\u015f\u0131ndaki G\u00fcl\u015fah Karaman K\u0131yak ve o\u011fullar\u0131 3 ya\u015f\u0131ndaki Alperen\u2019in \u00f6l\u00fcm\u00fcne ili\u015fkin \u2018tasarlayarak kasten \u00f6ld\u00fcrme\u2019 su\u00e7undan tutuklanan s\u00fcr\u00fcc\u00fc Dr. Serdar K\u0131yak, kald\u0131\u011f\u0131 cezaevinde intihara te\u015febb\u00fcs ettiSamsun\u2019da, K\u0131z\u0131l\u0131rmak Nehri\u2019ne u\u00e7an otomobilde ya\u015fam\u0131n\u0131 yitiren e\u015fi 34 ya\u015f\u0131ndaki G\u00fcl\u015fah Karaman K\u0131yak ve o\u011fullar\u0131 3 ya\u015f\u0131ndaki Alperen\u2019in \u00f6l\u00fcm\u00fcne ili\u015fkin \u2018tasarlayarak kasten \u00f6ld\u00fcrme\u2019 su\u00e7undan tutuklanan s\u00fcr\u00fcc\u00fc Dr. Serdar K\u0131yak, kald\u0131\u011f\u0131 cezaevinde intihara te\u015febb\u00fcs etti\u00a0<a href=\"https:\/\/www.haberturk.com\/doktor-esini-ve-cocugunu-oldurmekten-tutuklanmisti-cezaevinde-intihar-girisimi-3823522\" target=\"_blank\" class=\"feedzy-rss-link-icon\">Read More<\/a><\/p>","protected":false},"excerpt":{"rendered":"<p>Samsun\u2019da, K\u0131z\u0131l\u0131rmak Nehri\u2019ne u\u00e7an otomobilde ya\u015fam\u0131n\u0131 yitiren e\u015fi 34 ya\u015f\u0131ndaki G\u00fcl\u015fah Karaman K\u0131yak ve o\u011fullar\u0131 3 ya\u015f\u0131ndaki Alperen\u2019in \u00f6l\u00fcm\u00fcne ili\u015fkin \u2018tasarlayarak kasten \u00f6ld\u00fcrme\u2019 su\u00e7undan tutuklanan s\u00fcr\u00fcc\u00fc Dr. Serdar K\u0131yak, kald\u0131\u011f\u0131 cezaevinde intihara te\u015febb\u00fcs ettiSamsun\u2019da, K\u0131z\u0131l\u0131rmak Nehri\u2019ne u\u00e7an otomobilde ya\u015fam\u0131n\u0131 yitiren e\u015fi 34 ya\u015f\u0131ndaki G\u00fcl\u015fah Karaman K\u0131yak ve o\u011fullar\u0131 3 ya\u015f\u0131ndaki Alperen\u2019in \u00f6l\u00fcm\u00fcne ili\u015fkin \u2018tasarlayarak kasten [&hellip;]<\/p>\n","protected":false},"author":1,"featured_media":0,"comment_status":"open","ping_status":"open","sticky":false,"template":"","format":"standard","meta":{"footnotes":"","_links_to":"","_links_to_target":""},"categories":[1],"tags":[],"class_list":["post-5754","post","type-post","status-publish","format-standard","hentry","category-haberler"],"_links":{"self":[{"href":"https:\/\/www.abchukuk.com\/index.php\/wp-json\/wp\/v2\/posts\/5754","targetHints":{"allow":["GET"]}}],"collection":[{"href":"https:\/\/www.abchukuk.com\/index.php\/wp-json\/wp\/v2\/posts"}],"about":[{"href":"https:\/\/www.abchukuk.com\/index.php\/wp-json\/wp\/v2\/types\/post"}],"author":[{"embeddable":true,"href":"https:\/\/www.abchukuk.com\/index.php\/wp-json\/wp\/v2\/users\/1"}],"replies":[{"embeddable":true,"href":"https:\/\/www.abchukuk.com\/index.php\/wp-json\/wp\/v2\/comments?post=5754"}],"version-history":[{"count":0,"href":"https:\/\/www.abchukuk.com\/index.php\/wp-json\/wp\/v2\/posts\/5754\/revisions"}],"wp:attachment":[{"href":"https:\/\/www.abchukuk.com\/index.php\/wp-json\/wp\/v2\/media?parent=5754"}],"wp:term":[{"taxonomy":"category","embeddable":true,"href":"https:\/\/www.abchukuk.com\/index.php\/wp-json\/wp\/v2\/categories?post=5754"},{"taxonomy":"post_tag","embeddable":true,"href":"https:\/\/www.abchukuk.com\/index.php\/wp-json\/wp\/v2\/tags?post=5754"}],"curies":[{"name":"wp","href":"https:\/\/api.w.org\/{rel}","templated":true}]}}