{"id":5752,"date":"2025-09-19T11:53:11","date_gmt":"2025-09-19T11:53:11","guid":{"rendered":"https:\/\/www.abchukuk.com\/index.php\/2025\/09\/19\/sorusturmayi-istanbul-cumhuriyet-bassavciligi-yurutecek\/"},"modified":"2025-09-19T11:53:11","modified_gmt":"2025-09-19T11:53:11","slug":"sorusturmayi-istanbul-cumhuriyet-bassavciligi-yurutecek","status":"publish","type":"post","link":"https:\/\/www.abchukuk.com\/index.php\/2025\/09\/19\/sorusturmayi-istanbul-cumhuriyet-bassavciligi-yurutecek\/","title":{"rendered":"Soru\u015fturmay\u0131 \u0130stanbul Cumhuriyet Ba\u015fsavc\u0131l\u0131\u011f\u0131 y\u00fcr\u00fctecek"},"content":{"rendered":"<p>Can Holding b\u00fcnyesinde faaliyet g\u00f6steren \u015firketler \u00fczerinden su\u00e7 i\u015flemek amac\u0131yla \u00f6rg\u00fct kurulmas\u0131 iddias\u0131na y\u00f6nelik y\u00fcr\u00fct\u00fclen soru\u015fturmada yetkisizlik karar\u0131 verilerek dosya \u0130stanbul Cumhuriyet Ba\u015fsavc\u0131l\u0131\u011f\u0131\u2019na g\u00f6nderildiCan Holding b\u00fcnyesinde faaliyet g\u00f6steren \u015firketler \u00fczerinden su\u00e7 i\u015flemek amac\u0131yla \u00f6rg\u00fct kurulmas\u0131 iddias\u0131na y\u00f6nelik y\u00fcr\u00fct\u00fclen soru\u015fturmada yetkisizlik karar\u0131 verilerek dosya \u0130stanbul Cumhuriyet Ba\u015fsavc\u0131l\u0131\u011f\u0131\u2019na g\u00f6nderildi\u00a0<a href=\"https:\/\/www.haberturk.com\/can-holding-sorusturmasini-istanbul-cumhuriyet-bassavciligi-yurutecek-3823658\" target=\"_blank\" class=\"feedzy-rss-link-icon\">Read More<\/a><\/p>","protected":false},"excerpt":{"rendered":"<p>Can Holding b\u00fcnyesinde faaliyet g\u00f6steren \u015firketler \u00fczerinden su\u00e7 i\u015flemek amac\u0131yla \u00f6rg\u00fct kurulmas\u0131 iddias\u0131na y\u00f6nelik y\u00fcr\u00fct\u00fclen soru\u015fturmada yetkisizlik karar\u0131 verilerek dosya \u0130stanbul Cumhuriyet Ba\u015fsavc\u0131l\u0131\u011f\u0131\u2019na g\u00f6nderildiCan Holding b\u00fcnyesinde faaliyet g\u00f6steren \u015firketler \u00fczerinden su\u00e7 i\u015flemek amac\u0131yla \u00f6rg\u00fct kurulmas\u0131 iddias\u0131na y\u00f6nelik y\u00fcr\u00fct\u00fclen soru\u015fturmada yetkisizlik karar\u0131 verilerek dosya \u0130stanbul Cumhuriyet Ba\u015fsavc\u0131l\u0131\u011f\u0131\u2019na g\u00f6nderildi\u00a0Read More<\/p>\n","protected":false},"author":1,"featured_media":0,"comment_status":"open","ping_status":"open","sticky":false,"template":"","format":"standard","meta":{"footnotes":"","_links_to":"","_links_to_target":""},"categories":[1],"tags":[],"class_list":["post-5752","post","type-post","status-publish","format-standard","hentry","category-haberler"],"_links":{"self":[{"href":"https:\/\/www.abchukuk.com\/index.php\/wp-json\/wp\/v2\/posts\/5752","targetHints":{"allow":["GET"]}}],"collection":[{"href":"https:\/\/www.abchukuk.com\/index.php\/wp-json\/wp\/v2\/posts"}],"about":[{"href":"https:\/\/www.abchukuk.com\/index.php\/wp-json\/wp\/v2\/types\/post"}],"author":[{"embeddable":true,"href":"https:\/\/www.abchukuk.com\/index.php\/wp-json\/wp\/v2\/users\/1"}],"replies":[{"embeddable":true,"href":"https:\/\/www.abchukuk.com\/index.php\/wp-json\/wp\/v2\/comments?post=5752"}],"version-history":[{"count":0,"href":"https:\/\/www.abchukuk.com\/index.php\/wp-json\/wp\/v2\/posts\/5752\/revisions"}],"wp:attachment":[{"href":"https:\/\/www.abchukuk.com\/index.php\/wp-json\/wp\/v2\/media?parent=5752"}],"wp:term":[{"taxonomy":"category","embeddable":true,"href":"https:\/\/www.abchukuk.com\/index.php\/wp-json\/wp\/v2\/categories?post=5752"},{"taxonomy":"post_tag","embeddable":true,"href":"https:\/\/www.abchukuk.com\/index.php\/wp-json\/wp\/v2\/tags?post=5752"}],"curies":[{"name":"wp","href":"https:\/\/api.w.org\/{rel}","templated":true}]}}