{"id":5751,"date":"2025-09-19T19:55:26","date_gmt":"2025-09-19T19:55:26","guid":{"rendered":"https:\/\/www.abchukuk.com\/index.php\/2025\/09\/19\/adalet-bakanligi-personel-alimi-sonuclari\/"},"modified":"2025-09-19T19:55:26","modified_gmt":"2025-09-19T19:55:26","slug":"adalet-bakanligi-personel-alimi-sonuclari","status":"publish","type":"post","link":"https:\/\/www.abchukuk.com\/index.php\/2025\/09\/19\/adalet-bakanligi-personel-alimi-sonuclari\/","title":{"rendered":"Adalet Bakanl\u0131\u011f\u0131 personel al\u0131m\u0131 sonu\u00e7lar\u0131"},"content":{"rendered":"<p>Adalet Bakanl\u0131\u011f\u0131 Ceza ve Tevkifevleri (CTE) Genel M\u00fcd\u00fcrl\u00fc\u011f\u00fc s\u00f6zle\u015fmeli pozisyonda istihdam edilmek \u00fczere 3 bin 500 personel al\u0131m\u0131na ili\u015fkin ba\u015fvurular 1 &#8211; 15 A\u011fustos tarihleri aras\u0131nda al\u0131nd\u0131. e-devlet \u00fczerinden ba\u015fvurular\u0131n\u0131 tamamlayan adaylar, Adalet Bakanl\u0131\u011f\u0131 \u0130nfaz Koruma Memuru personel al\u0131m\u0131 sonu\u00e7lar\u0131n\u0131n a\u00e7\u0131klanaca\u011f\u0131 tarihi g\u00fcndemine ald\u0131. Peki, &#8220;Adalet Bakanl\u0131\u011f\u0131 \u0130nfaz Koruma Memuru personel al\u0131m\u0131 sonu\u00e7lar\u0131 a\u00e7\u0131kland\u0131 m\u0131, ne zaman a\u00e7\u0131klanacak?&#8221; \u0130\u015fte Adalet Bakanl\u0131\u011f\u0131 3 bin 500 \u0130nfaz Koruma Memuru personel al\u0131m\u0131 sonu\u00e7lar\u0131n\u0131n a\u00e7\u0131klanaca\u011f\u0131 tarih&#8230;Adalet Bakanl\u0131\u011f\u0131 Ceza ve Tevkifevleri (CTE) Genel M\u00fcd\u00fcrl\u00fc\u011f\u00fc s\u00f6zle\u015fmeli pozisyonda istihdam edilmek \u00fczere 3 bin 500 personel al\u0131m\u0131na ili\u015fkin ba\u015fvurular 1 &#8211; 15 A\u011fustos tarihleri aras\u0131nda al\u0131nd\u0131. e-devlet \u00fczerinden ba\u015fvurular\u0131n\u0131 tamamlayan adaylar, Adalet Bakanl\u0131\u011f\u0131 \u0130nfaz Koruma Memuru personel al\u0131m\u0131 sonu\u00e7lar\u0131n\u0131n a\u00e7\u0131klanaca\u011f\u0131 tarihi g\u00fcndemine ald\u0131. Peki, &#8220;Adalet Bakanl\u0131\u011f\u0131 \u0130nfaz Koruma Memuru personel al\u0131m\u0131 sonu\u00e7lar\u0131 a\u00e7\u0131kland\u0131 m\u0131, ne zaman a\u00e7\u0131klanacak?&#8221; \u0130\u015fte Adalet Bakanl\u0131\u011f\u0131 3 bin 500 \u0130nfaz Koruma Memuru personel al\u0131m\u0131 sonu\u00e7lar\u0131n\u0131n a\u00e7\u0131klanaca\u011f\u0131 tarih&#8230;\u00a0<a href=\"https:\/\/www.haberturk.com\/adalet-bakanligi-3-bin-500-infaz-koruma-memuru-personel-alimi-sonuclari-aciklandi-mi-ne-zaman-aciklanacak-3823728\" target=\"_blank\" class=\"feedzy-rss-link-icon\">Read More<\/a><\/p>","protected":false},"excerpt":{"rendered":"<p>Adalet Bakanl\u0131\u011f\u0131 Ceza ve Tevkifevleri (CTE) Genel M\u00fcd\u00fcrl\u00fc\u011f\u00fc s\u00f6zle\u015fmeli pozisyonda istihdam edilmek \u00fczere 3 bin 500 personel al\u0131m\u0131na ili\u015fkin ba\u015fvurular 1 &#8211; 15 A\u011fustos tarihleri aras\u0131nda al\u0131nd\u0131. e-devlet \u00fczerinden ba\u015fvurular\u0131n\u0131 tamamlayan adaylar, Adalet Bakanl\u0131\u011f\u0131 \u0130nfaz Koruma Memuru personel al\u0131m\u0131 sonu\u00e7lar\u0131n\u0131n a\u00e7\u0131klanaca\u011f\u0131 tarihi g\u00fcndemine ald\u0131. Peki, &#8220;Adalet Bakanl\u0131\u011f\u0131 \u0130nfaz Koruma Memuru personel al\u0131m\u0131 sonu\u00e7lar\u0131 a\u00e7\u0131kland\u0131 m\u0131, [&hellip;]<\/p>\n","protected":false},"author":1,"featured_media":0,"comment_status":"open","ping_status":"open","sticky":false,"template":"","format":"standard","meta":{"footnotes":"","_links_to":"","_links_to_target":""},"categories":[1],"tags":[],"class_list":["post-5751","post","type-post","status-publish","format-standard","hentry","category-haberler"],"_links":{"self":[{"href":"https:\/\/www.abchukuk.com\/index.php\/wp-json\/wp\/v2\/posts\/5751","targetHints":{"allow":["GET"]}}],"collection":[{"href":"https:\/\/www.abchukuk.com\/index.php\/wp-json\/wp\/v2\/posts"}],"about":[{"href":"https:\/\/www.abchukuk.com\/index.php\/wp-json\/wp\/v2\/types\/post"}],"author":[{"embeddable":true,"href":"https:\/\/www.abchukuk.com\/index.php\/wp-json\/wp\/v2\/users\/1"}],"replies":[{"embeddable":true,"href":"https:\/\/www.abchukuk.com\/index.php\/wp-json\/wp\/v2\/comments?post=5751"}],"version-history":[{"count":0,"href":"https:\/\/www.abchukuk.com\/index.php\/wp-json\/wp\/v2\/posts\/5751\/revisions"}],"wp:attachment":[{"href":"https:\/\/www.abchukuk.com\/index.php\/wp-json\/wp\/v2\/media?parent=5751"}],"wp:term":[{"taxonomy":"category","embeddable":true,"href":"https:\/\/www.abchukuk.com\/index.php\/wp-json\/wp\/v2\/categories?post=5751"},{"taxonomy":"post_tag","embeddable":true,"href":"https:\/\/www.abchukuk.com\/index.php\/wp-json\/wp\/v2\/tags?post=5751"}],"curies":[{"name":"wp","href":"https:\/\/api.w.org\/{rel}","templated":true}]}}