{"id":5749,"date":"2025-09-19T20:32:42","date_gmt":"2025-09-19T20:32:42","guid":{"rendered":"https:\/\/www.abchukuk.com\/index.php\/2025\/09\/19\/antalyadaki-orman-yangini-yayiliyor-2-otel-tahliye-edildi\/"},"modified":"2025-09-19T20:32:42","modified_gmt":"2025-09-19T20:32:42","slug":"antalyadaki-orman-yangini-yayiliyor-2-otel-tahliye-edildi","status":"publish","type":"post","link":"https:\/\/www.abchukuk.com\/index.php\/2025\/09\/19\/antalyadaki-orman-yangini-yayiliyor-2-otel-tahliye-edildi\/","title":{"rendered":"Antalya\u2019daki Orman Yang\u0131n\u0131 Yay\u0131l\u0131yor! 2 Otel Tahliye Edildi"},"content":{"rendered":"<p><a href=\"https:\/\/www.gercekgundem.com\/guncel\/antalyadaki-orman-yangini-yayiliyor-2-otel-tahliye-edildi-556105\"><br \/>\n                                                            <img decoding=\"async\" src=\"https:\/\/i.gercekgundem.com\/2\/150\/84\/storage\/files\/images\/2025\/09\/19\/antalyadaki-orman-yangini-yayiliyor-2-otel-tahliye-edildi-fdnc.png\" width=\"150\" height=\"84\" border=\"0\" align=\"right\" \/><br \/>\n                                                    <\/a><\/p>\n<h4>Antalya\u2019n\u0131n Aksu il\u00e7esinde \u00e7\u0131kan orman yang\u0131n\u0131 r\u00fczg\u00e2r\u0131n etkisiyle b\u00fcy\u00fcyerek Kral Yolu mevkisine ula\u015ft\u0131. B\u00f6lgede 2 otel tedbir ama\u00e7l\u0131 tahliye edildi.<\/h4>\n<p>Antalya\u2019n\u0131n Aksu il\u00e7esinde \u00e7\u0131kan orman yang\u0131n\u0131 r\u00fczg\u00e2r\u0131n etkisiyle b\u00fcy\u00fcyerek Kral Yolu mevkisine ula\u015ft\u0131. B\u00f6lgede 2 otel tedbir ama\u00e7l\u0131 tahliye edildi.\u00a0<a href=\"https:\/\/www.gercekgundem.com\/guncel\/antalyadaki-orman-yangini-yayiliyor-2-otel-tahliye-edildi-556105\" target=\"_blank\" class=\"feedzy-rss-link-icon\">Read More<\/a><\/p>","protected":false},"excerpt":{"rendered":"<p>Antalya\u2019n\u0131n Aksu il\u00e7esinde \u00e7\u0131kan orman yang\u0131n\u0131 r\u00fczg\u00e2r\u0131n etkisiyle b\u00fcy\u00fcyerek Kral Yolu mevkisine ula\u015ft\u0131. B\u00f6lgede 2 otel tedbir ama\u00e7l\u0131 tahliye edildi. Antalya\u2019n\u0131n Aksu il\u00e7esinde \u00e7\u0131kan orman yang\u0131n\u0131 r\u00fczg\u00e2r\u0131n etkisiyle b\u00fcy\u00fcyerek Kral Yolu mevkisine ula\u015ft\u0131. B\u00f6lgede 2 otel tedbir ama\u00e7l\u0131 tahliye edildi.\u00a0Read More<\/p>\n","protected":false},"author":1,"featured_media":5750,"comment_status":"open","ping_status":"open","sticky":false,"template":"","format":"standard","meta":{"footnotes":"","_links_to":"","_links_to_target":""},"categories":[1],"tags":[],"class_list":["post-5749","post","type-post","status-publish","format-standard","has-post-thumbnail","hentry","category-haberler"],"_links":{"self":[{"href":"https:\/\/www.abchukuk.com\/index.php\/wp-json\/wp\/v2\/posts\/5749","targetHints":{"allow":["GET"]}}],"collection":[{"href":"https:\/\/www.abchukuk.com\/index.php\/wp-json\/wp\/v2\/posts"}],"about":[{"href":"https:\/\/www.abchukuk.com\/index.php\/wp-json\/wp\/v2\/types\/post"}],"author":[{"embeddable":true,"href":"https:\/\/www.abchukuk.com\/index.php\/wp-json\/wp\/v2\/users\/1"}],"replies":[{"embeddable":true,"href":"https:\/\/www.abchukuk.com\/index.php\/wp-json\/wp\/v2\/comments?post=5749"}],"version-history":[{"count":0,"href":"https:\/\/www.abchukuk.com\/index.php\/wp-json\/wp\/v2\/posts\/5749\/revisions"}],"wp:featuredmedia":[{"embeddable":true,"href":"https:\/\/www.abchukuk.com\/index.php\/wp-json\/wp\/v2\/media\/5750"}],"wp:attachment":[{"href":"https:\/\/www.abchukuk.com\/index.php\/wp-json\/wp\/v2\/media?parent=5749"}],"wp:term":[{"taxonomy":"category","embeddable":true,"href":"https:\/\/www.abchukuk.com\/index.php\/wp-json\/wp\/v2\/categories?post=5749"},{"taxonomy":"post_tag","embeddable":true,"href":"https:\/\/www.abchukuk.com\/index.php\/wp-json\/wp\/v2\/tags?post=5749"}],"curies":[{"name":"wp","href":"https:\/\/api.w.org\/{rel}","templated":true}]}}