{"id":5742,"date":"2025-09-19T18:08:36","date_gmt":"2025-09-19T18:08:36","guid":{"rendered":"https:\/\/www.abchukuk.com\/index.php\/2025\/09\/19\/adalet-bakani-yilmaz-tunc-gurcistanli-mevkidasi-ile-bir-araya-geldi\/"},"modified":"2025-09-19T18:08:36","modified_gmt":"2025-09-19T18:08:36","slug":"adalet-bakani-yilmaz-tunc-gurcistanli-mevkidasi-ile-bir-araya-geldi","status":"publish","type":"post","link":"https:\/\/www.abchukuk.com\/index.php\/2025\/09\/19\/adalet-bakani-yilmaz-tunc-gurcistanli-mevkidasi-ile-bir-araya-geldi\/","title":{"rendered":"Adalet Bakan\u0131 Y\u0131lmaz Tun\u00e7, G\u00fcrcistanl\u0131 Mevkida\u015f\u0131 ile Bir Araya Geldi"},"content":{"rendered":"<p><a href=\"https:\/\/www.gercekgundem.com\/guncel\/adalet-bakani-yilmaz-tunc-gurcistanli-mevkidasi-ile-bir-araya-geldi-556097\"><br \/>\n                                                            <img decoding=\"async\" src=\"https:\/\/i.gercekgundem.com\/2\/150\/84\/storage\/files\/images\/2025\/09\/19\/adalet-bakani-yilmaz-tunc-gurcistanli-mevkidasi-ile-bir-araya-geldi-2lcv.png\" width=\"150\" height=\"84\" border=\"0\" align=\"right\" \/><br \/>\n                                                    <\/a><\/p>\n<h4>Adalet Bakan\u0131 Y\u0131lmaz Tun\u00e7, G\u00fcrcistanl\u0131 mevkida\u015f\u0131 Paata Salia ile bir araya geldi. G\u00f6r\u00fc\u015fmek ili\u015fkin bir a\u00e7\u0131klama yapan Tun\u00e7, &#8220;Derin dostluk ba\u011flar\u0131m\u0131z\u0131n bulundu\u011fu G\u00fcrcistan\u2019la ba\u015fta adalet ve yarg\u0131 alan\u0131 olmak \u00fczere her alandaki i\u015f birli\u011fimizi geli\u015ftirmeyi s\u00fcrd\u00fcrece\u011fiz\u201d dedi<\/h4>\n<p>Adalet Bakan\u0131 Y\u0131lmaz Tun\u00e7, G\u00fcrcistanl\u0131 mevkida\u015f\u0131 Paata Salia ile bir araya geldi. G\u00f6r\u00fc\u015fmek ili\u015fkin bir a\u00e7\u0131klama yapan Tun\u00e7, &#8220;Derin dostluk ba\u011flar\u0131m\u0131z\u0131n bulundu\u011fu G\u00fcrcistan\u2019la ba\u015fta adalet ve yarg\u0131 alan\u0131 olmak \u00fczere her alandaki i\u015f birli\u011fimizi geli\u015ftirmeyi s\u00fcrd\u00fcrece\u011fiz\u201d dedi\u00a0<a href=\"https:\/\/www.gercekgundem.com\/guncel\/adalet-bakani-yilmaz-tunc-gurcistanli-mevkidasi-ile-bir-araya-geldi-556097\" target=\"_blank\" class=\"feedzy-rss-link-icon\">Read More<\/a><\/p>","protected":false},"excerpt":{"rendered":"<p>Adalet Bakan\u0131 Y\u0131lmaz Tun\u00e7, G\u00fcrcistanl\u0131 mevkida\u015f\u0131 Paata Salia ile bir araya geldi. G\u00f6r\u00fc\u015fmek ili\u015fkin bir a\u00e7\u0131klama yapan Tun\u00e7, &#8220;Derin dostluk ba\u011flar\u0131m\u0131z\u0131n bulundu\u011fu G\u00fcrcistan\u2019la ba\u015fta adalet ve yarg\u0131 alan\u0131 olmak \u00fczere her alandaki i\u015f birli\u011fimizi geli\u015ftirmeyi s\u00fcrd\u00fcrece\u011fiz\u201d dedi Adalet Bakan\u0131 Y\u0131lmaz Tun\u00e7, G\u00fcrcistanl\u0131 mevkida\u015f\u0131 Paata Salia ile bir araya geldi. G\u00f6r\u00fc\u015fmek ili\u015fkin bir a\u00e7\u0131klama yapan Tun\u00e7, [&hellip;]<\/p>\n","protected":false},"author":1,"featured_media":5743,"comment_status":"open","ping_status":"open","sticky":false,"template":"","format":"standard","meta":{"footnotes":"","_links_to":"","_links_to_target":""},"categories":[1],"tags":[],"class_list":["post-5742","post","type-post","status-publish","format-standard","has-post-thumbnail","hentry","category-haberler"],"_links":{"self":[{"href":"https:\/\/www.abchukuk.com\/index.php\/wp-json\/wp\/v2\/posts\/5742","targetHints":{"allow":["GET"]}}],"collection":[{"href":"https:\/\/www.abchukuk.com\/index.php\/wp-json\/wp\/v2\/posts"}],"about":[{"href":"https:\/\/www.abchukuk.com\/index.php\/wp-json\/wp\/v2\/types\/post"}],"author":[{"embeddable":true,"href":"https:\/\/www.abchukuk.com\/index.php\/wp-json\/wp\/v2\/users\/1"}],"replies":[{"embeddable":true,"href":"https:\/\/www.abchukuk.com\/index.php\/wp-json\/wp\/v2\/comments?post=5742"}],"version-history":[{"count":0,"href":"https:\/\/www.abchukuk.com\/index.php\/wp-json\/wp\/v2\/posts\/5742\/revisions"}],"wp:featuredmedia":[{"embeddable":true,"href":"https:\/\/www.abchukuk.com\/index.php\/wp-json\/wp\/v2\/media\/5743"}],"wp:attachment":[{"href":"https:\/\/www.abchukuk.com\/index.php\/wp-json\/wp\/v2\/media?parent=5742"}],"wp:term":[{"taxonomy":"category","embeddable":true,"href":"https:\/\/www.abchukuk.com\/index.php\/wp-json\/wp\/v2\/categories?post=5742"},{"taxonomy":"post_tag","embeddable":true,"href":"https:\/\/www.abchukuk.com\/index.php\/wp-json\/wp\/v2\/tags?post=5742"}],"curies":[{"name":"wp","href":"https:\/\/api.w.org\/{rel}","templated":true}]}}