{"id":5740,"date":"2025-09-19T18:16:00","date_gmt":"2025-09-19T18:16:00","guid":{"rendered":"https:\/\/www.abchukuk.com\/index.php\/2025\/09\/19\/imamogluna-siyasi-yasak-ve-hapis-cezasinin-onanmasina-chpli-basarirdan-tepki-verilen-karar-bir-mahkeme-karari-degil-tarihe-dusulen-bir-nottur\/"},"modified":"2025-09-19T18:16:00","modified_gmt":"2025-09-19T18:16:00","slug":"imamogluna-siyasi-yasak-ve-hapis-cezasinin-onanmasina-chpli-basarirdan-tepki-verilen-karar-bir-mahkeme-karari-degil-tarihe-dusulen-bir-nottur","status":"publish","type":"post","link":"https:\/\/www.abchukuk.com\/index.php\/2025\/09\/19\/imamogluna-siyasi-yasak-ve-hapis-cezasinin-onanmasina-chpli-basarirdan-tepki-verilen-karar-bir-mahkeme-karari-degil-tarihe-dusulen-bir-nottur\/","title":{"rendered":"\u0130mamo\u011flu&#8217;na &#8216;siyasi yasak ve hapis&#8217; cezas\u0131n\u0131n onanmas\u0131na CHP&#8217;li Ba\u015far\u0131rdan tepki: &#8220;Verilen karar bir mahkeme karar\u0131 de\u011fil, tarihe d\u00fc\u015f\u00fclen bir nottur\u201d"},"content":{"rendered":"<p>CHP\u2019nin tutuklu Cumhurba\u015fkan\u0131 aday\u0131 Ekrem \u0130mamo\u011flu&#8217;nun kamuoyunda &#8220;ahmak davas\u0131&#8221; olarak bilinen davada siyasi yasak i\u00e7eren 2 y\u0131l 7 ay 15 g\u00fcnl\u00fck cezas\u0131 istinaf taraf\u0131ndan onanmas\u0131na ili\u015fkin CHP Grup Ba\u015fkanvekili Ali Mahir Ba\u015far\u0131r,&#8221;Bug\u00fcn siyasi yasak da i\u00e7eren istinaf karar\u0131 geldi. Ama s\u00fcre\u00e7 bitmedi, Yarg\u0131tay yolu a\u00e7\u0131k. Bug\u00fcn verilen karar bir mahkeme karar\u0131 de\u011fil, tarihe d\u00fc\u015f\u00fclen bir nottur. Millet mahkeme karar\u0131ndan \u00f6nce vicdan\u0131nda karar\u0131n\u0131 verdi&#8221; de\u011ferlendirmesi yapt\u0131.CHP\u2019nin tutuklu Cumhurba\u015fkan\u0131 aday\u0131 Ekrem \u0130mamo\u011flu&#8217;nun kamuoyunda &#8220;ahmak davas\u0131&#8221; olarak bilinen davada siyasi yasak i\u00e7eren 2 y\u0131l 7 ay 15 g\u00fcnl\u00fck cezas\u0131 istinaf taraf\u0131ndan onanmas\u0131na ili\u015fkin CHP Grup Ba\u015fkanvekili Ali Mahir Ba\u015far\u0131r,&#8221;Bug\u00fcn siyasi yasak da i\u00e7eren istinaf karar\u0131 geldi. Ama s\u00fcre\u00e7 bitmedi, Yarg\u0131tay yolu a\u00e7\u0131k. Bug\u00fcn verilen karar bir mahkeme karar\u0131 de\u011fil, tarihe d\u00fc\u015f\u00fclen bir nottur. Millet mahkeme karar\u0131ndan \u00f6nce vicdan\u0131nda karar\u0131n\u0131 verdi&#8221; de\u011ferlendirmesi yapt\u0131.\u00a0<a href=\"https:\/\/www.cumhuriyet.com.tr\/turkiye\/imamoglu-na-siyasi-yasak-ve-hapis-cezasinin-onanmasina-chp-li-basarirdan-tepki-verilen-karar-bir-mahkeme-karari-degil-tarihe-dusulen-bir-nottur-2436605\" target=\"_blank\" class=\"feedzy-rss-link-icon\">Read More<\/a><\/p>","protected":false},"excerpt":{"rendered":"<p>CHP\u2019nin tutuklu Cumhurba\u015fkan\u0131 aday\u0131 Ekrem \u0130mamo\u011flu&#8217;nun kamuoyunda &#8220;ahmak davas\u0131&#8221; olarak bilinen davada siyasi yasak i\u00e7eren 2 y\u0131l 7 ay 15 g\u00fcnl\u00fck cezas\u0131 istinaf taraf\u0131ndan onanmas\u0131na ili\u015fkin CHP Grup Ba\u015fkanvekili Ali Mahir Ba\u015far\u0131r,&#8221;Bug\u00fcn siyasi yasak da i\u00e7eren istinaf karar\u0131 geldi. Ama s\u00fcre\u00e7 bitmedi, Yarg\u0131tay yolu a\u00e7\u0131k. Bug\u00fcn verilen karar bir mahkeme karar\u0131 de\u011fil, tarihe d\u00fc\u015f\u00fclen bir [&hellip;]<\/p>\n","protected":false},"author":1,"featured_media":5741,"comment_status":"open","ping_status":"open","sticky":false,"template":"","format":"standard","meta":{"footnotes":"","_links_to":"","_links_to_target":""},"categories":[1],"tags":[],"class_list":["post-5740","post","type-post","status-publish","format-standard","has-post-thumbnail","hentry","category-haberler"],"_links":{"self":[{"href":"https:\/\/www.abchukuk.com\/index.php\/wp-json\/wp\/v2\/posts\/5740","targetHints":{"allow":["GET"]}}],"collection":[{"href":"https:\/\/www.abchukuk.com\/index.php\/wp-json\/wp\/v2\/posts"}],"about":[{"href":"https:\/\/www.abchukuk.com\/index.php\/wp-json\/wp\/v2\/types\/post"}],"author":[{"embeddable":true,"href":"https:\/\/www.abchukuk.com\/index.php\/wp-json\/wp\/v2\/users\/1"}],"replies":[{"embeddable":true,"href":"https:\/\/www.abchukuk.com\/index.php\/wp-json\/wp\/v2\/comments?post=5740"}],"version-history":[{"count":0,"href":"https:\/\/www.abchukuk.com\/index.php\/wp-json\/wp\/v2\/posts\/5740\/revisions"}],"wp:featuredmedia":[{"embeddable":true,"href":"https:\/\/www.abchukuk.com\/index.php\/wp-json\/wp\/v2\/media\/5741"}],"wp:attachment":[{"href":"https:\/\/www.abchukuk.com\/index.php\/wp-json\/wp\/v2\/media?parent=5740"}],"wp:term":[{"taxonomy":"category","embeddable":true,"href":"https:\/\/www.abchukuk.com\/index.php\/wp-json\/wp\/v2\/categories?post=5740"},{"taxonomy":"post_tag","embeddable":true,"href":"https:\/\/www.abchukuk.com\/index.php\/wp-json\/wp\/v2\/tags?post=5740"}],"curies":[{"name":"wp","href":"https:\/\/api.w.org\/{rel}","templated":true}]}}