{"id":5737,"date":"2025-09-19T18:50:30","date_gmt":"2025-09-19T18:50:30","guid":{"rendered":"https:\/\/www.abchukuk.com\/index.php\/2025\/09\/19\/gaziler-gununde-sehit-savci-murat-uzun-anildi\/"},"modified":"2025-09-19T18:50:30","modified_gmt":"2025-09-19T18:50:30","slug":"gaziler-gununde-sehit-savci-murat-uzun-anildi","status":"publish","type":"post","link":"https:\/\/www.abchukuk.com\/index.php\/2025\/09\/19\/gaziler-gununde-sehit-savci-murat-uzun-anildi\/","title":{"rendered":"Gaziler g\u00fcn\u00fcnde \u015fehit savc\u0131 Murat Uzun an\u0131ld\u0131"},"content":{"rendered":"<p class=\"p1\"><span class=\"s1\">Samsun Cumhuriyet Ba\u015fsavc\u0131l\u0131\u011f\u0131 koordinasyonunda ger\u00e7ekle\u015ftirilen programda, \u201c\u015eehit Cumhuriyet Savc\u0131s\u0131 Murat Uzun\u2019a Mektup Var\u201d yar\u0131\u015fmas\u0131nda birincilik elde eden, \u015fehidin o\u011flu Hakan Taner Uzun\u2019un babas\u0131na yazd\u0131\u011f\u0131 mektup okundu. Yar\u0131\u015fmaya kat\u0131lan t\u00fcm mektuplar\u0131n yer ald\u0131\u011f\u0131 <\/span><span class=\"s2\">\u201cCumhuriyet Savc\u0131s\u0131 Murat Uzun\u201d<\/span><span class=\"s1\"> isimli kitab\u0131n tan\u0131t\u0131m\u0131 da bu b\u00f6l\u00fcmde yap\u0131ld\u0131. Ayr\u0131ca \u015fehidin hayat\u0131n\u0131 anlatan g\u00f6rsel sunumlar kat\u0131l\u0131mc\u0131lara aktar\u0131ld\u0131.<\/span><\/p>\n<p><img fetchpriority=\"high\" decoding=\"async\" class=\"alignnone size-large wp-image-163045\" src=\"https:\/\/www.son.tv\/wp-content\/uploads\/2025\/09\/226d9976-8acb-4ff5-8193-dc3942f04998-1-1024x682.jpeg\" alt=\"\" width=\"1024\" height=\"682\" \/><\/p>\n<p class=\"p1\"><span class=\"s1\">KUR\u2019AN T\u0130LAVET\u0130 VE DUALARLA ANILDI<\/span><\/p>\n<p class=\"p1\"><span class=\"s1\">Program\u0131n ikinci b\u00f6l\u00fcm\u00fcnde ise \u015fehit Murat Uzun, okunan Kur\u2019an-\u0131 Kerim tilaveti ve yap\u0131lan dualarla bir kez daha yad edildi. Anma etkinli\u011fi duygu dolu g\u00f6r\u00fcnt\u00fclere sahne oldu.<\/span><\/p>\n<p><img decoding=\"async\" class=\"alignnone size-large wp-image-163046\" src=\"https:\/\/www.son.tv\/wp-content\/uploads\/2025\/09\/40b0d677-cf0f-4812-8160-45505abbab57-1024x683.jpeg\" alt=\"\" width=\"1024\" height=\"683\" \/><\/p>\n<p class=\"p1\"><span class=\"s1\">\u015eEH\u0130D\u0130N HATIRASI YA\u015eATILIYOR<\/span><\/p>\n<p class=\"p1\"><span class=\"s1\">Etkinlikle birlikte, \u015fehit Cumhuriyet Savc\u0131s\u0131 Murat Uzun\u2019un isminin ve m\u00fccadelesinin gen\u00e7 nesillere aktar\u0131lmas\u0131 hedeflenirken, ailesi ve meslekta\u015flar\u0131 da onun aziz hat\u0131ras\u0131n\u0131 bir kez daha anma f\u0131rsat\u0131 buldu.<\/span><\/p>\n<p><img decoding=\"async\" class=\"alignnone size-large wp-image-163047\" src=\"https:\/\/www.son.tv\/wp-content\/uploads\/2025\/09\/36ed0750-1eb7-45a9-86ad-685a606e2bba-768x1024.jpeg\" alt=\"\" width=\"768\" height=\"1024\" \/><\/p>\n<p>Samsun\u2019da 19 Eyl\u00fcl Gaziler G\u00fcn\u00fc anma program\u0131 kapsam\u0131nda, \u015fehit Cumhuriyet Savc\u0131s\u0131 Murat Uzun i\u00e7in d\u00fczenlenen \u00f6zel etkinliklerde duygu dolu anlar ya\u015fand\u0131.\u00a0<a href=\"https:\/\/www.son.tv\/gaziler-gununde-sehit-savci-murat-uzun-anildi\/\" target=\"_blank\" class=\"feedzy-rss-link-icon\">Read More<\/a><\/p>","protected":false},"excerpt":{"rendered":"<p>Samsun Cumhuriyet Ba\u015fsavc\u0131l\u0131\u011f\u0131 koordinasyonunda ger\u00e7ekle\u015ftirilen programda, \u201c\u015eehit Cumhuriyet Savc\u0131s\u0131 Murat Uzun\u2019a Mektup Var\u201d yar\u0131\u015fmas\u0131nda birincilik elde eden, \u015fehidin o\u011flu Hakan Taner Uzun\u2019un babas\u0131na yazd\u0131\u011f\u0131 mektup okundu. Yar\u0131\u015fmaya kat\u0131lan t\u00fcm mektuplar\u0131n yer ald\u0131\u011f\u0131 \u201cCumhuriyet Savc\u0131s\u0131 Murat Uzun\u201d isimli kitab\u0131n tan\u0131t\u0131m\u0131 da bu b\u00f6l\u00fcmde yap\u0131ld\u0131. Ayr\u0131ca \u015fehidin hayat\u0131n\u0131 anlatan g\u00f6rsel sunumlar kat\u0131l\u0131mc\u0131lara aktar\u0131ld\u0131. KUR\u2019AN T\u0130LAVET\u0130 VE DUALARLA [&hellip;]<\/p>\n","protected":false},"author":1,"featured_media":5738,"comment_status":"open","ping_status":"open","sticky":false,"template":"","format":"standard","meta":{"footnotes":"","_links_to":"","_links_to_target":""},"categories":[1],"tags":[],"class_list":["post-5737","post","type-post","status-publish","format-standard","has-post-thumbnail","hentry","category-haberler"],"_links":{"self":[{"href":"https:\/\/www.abchukuk.com\/index.php\/wp-json\/wp\/v2\/posts\/5737","targetHints":{"allow":["GET"]}}],"collection":[{"href":"https:\/\/www.abchukuk.com\/index.php\/wp-json\/wp\/v2\/posts"}],"about":[{"href":"https:\/\/www.abchukuk.com\/index.php\/wp-json\/wp\/v2\/types\/post"}],"author":[{"embeddable":true,"href":"https:\/\/www.abchukuk.com\/index.php\/wp-json\/wp\/v2\/users\/1"}],"replies":[{"embeddable":true,"href":"https:\/\/www.abchukuk.com\/index.php\/wp-json\/wp\/v2\/comments?post=5737"}],"version-history":[{"count":0,"href":"https:\/\/www.abchukuk.com\/index.php\/wp-json\/wp\/v2\/posts\/5737\/revisions"}],"wp:featuredmedia":[{"embeddable":true,"href":"https:\/\/www.abchukuk.com\/index.php\/wp-json\/wp\/v2\/media\/5738"}],"wp:attachment":[{"href":"https:\/\/www.abchukuk.com\/index.php\/wp-json\/wp\/v2\/media?parent=5737"}],"wp:term":[{"taxonomy":"category","embeddable":true,"href":"https:\/\/www.abchukuk.com\/index.php\/wp-json\/wp\/v2\/categories?post=5737"},{"taxonomy":"post_tag","embeddable":true,"href":"https:\/\/www.abchukuk.com\/index.php\/wp-json\/wp\/v2\/tags?post=5737"}],"curies":[{"name":"wp","href":"https:\/\/api.w.org\/{rel}","templated":true}]}}