{"id":5734,"date":"2025-09-19T09:28:26","date_gmt":"2025-09-19T09:28:26","guid":{"rendered":"https:\/\/www.abchukuk.com\/index.php\/2025\/09\/19\/yahsihan-belediye-baskani-ahmet-sungur-gozaltina-alindi\/"},"modified":"2025-09-19T09:28:26","modified_gmt":"2025-09-19T09:28:26","slug":"yahsihan-belediye-baskani-ahmet-sungur-gozaltina-alindi","status":"publish","type":"post","link":"https:\/\/www.abchukuk.com\/index.php\/2025\/09\/19\/yahsihan-belediye-baskani-ahmet-sungur-gozaltina-alindi\/","title":{"rendered":"Yah\u015fihan Belediye Ba\u015fkan\u0131 Ahmet Sungur g\u00f6zalt\u0131na al\u0131nd\u0131"},"content":{"rendered":"<p>Yah\u015fihan Belediye Ba\u015fkan\u0131 Ahmet Sungur, K\u0131r\u0131kkale Cumhuriyet Ba\u015fsavc\u0131l\u0131\u011f\u0131&#8217;n\u0131n y\u00fcr\u00fctt\u00fc\u011f\u00fc bir soru\u015fturma kapsam\u0131nda bu sabah evinde g\u00f6zalt\u0131na al\u0131nd\u0131.<br \/>\nAKP Merkez Y\u00fcr\u00fctme Kurulu, Sungur&#8217;u, tedbirli olarak partiden ihra\u00e7 talebiyle Merkez Disiplin Kurulu&#8217;na sevk etti.Yah\u015fihan Belediye Ba\u015fkan\u0131 Ahmet Sungur, K\u0131r\u0131kkale Cumhuriyet Ba\u015fsavc\u0131l\u0131\u011f\u0131&#8217;n\u0131n y\u00fcr\u00fctt\u00fc\u011f\u00fc bir soru\u015fturma kapsam\u0131nda bu sabah evinde g\u00f6zalt\u0131na al\u0131nd\u0131.<br \/>\nAKP Merkez Y\u00fcr\u00fctme Kurulu, Sungur&#8217;u, tedbirli olarak partiden ihra\u00e7 talebiyle Merkez Disiplin Kurulu&#8217;na sevk etti.\u00a0<a href=\"https:\/\/www.bbc.com\/turkce\/articles\/c33r61l0r1po?at_medium=RSS&amp;at_campaign=rss\" target=\"_blank\" class=\"feedzy-rss-link-icon\">Read More<\/a><\/p>","protected":false},"excerpt":{"rendered":"<p>Yah\u015fihan Belediye Ba\u015fkan\u0131 Ahmet Sungur, K\u0131r\u0131kkale Cumhuriyet Ba\u015fsavc\u0131l\u0131\u011f\u0131&#8217;n\u0131n y\u00fcr\u00fctt\u00fc\u011f\u00fc bir soru\u015fturma kapsam\u0131nda bu sabah evinde g\u00f6zalt\u0131na al\u0131nd\u0131. AKP Merkez Y\u00fcr\u00fctme Kurulu, Sungur&#8217;u, tedbirli olarak partiden ihra\u00e7 talebiyle Merkez Disiplin Kurulu&#8217;na sevk etti.Yah\u015fihan Belediye Ba\u015fkan\u0131 Ahmet Sungur, K\u0131r\u0131kkale Cumhuriyet Ba\u015fsavc\u0131l\u0131\u011f\u0131&#8217;n\u0131n y\u00fcr\u00fctt\u00fc\u011f\u00fc bir soru\u015fturma kapsam\u0131nda bu sabah evinde g\u00f6zalt\u0131na al\u0131nd\u0131. AKP Merkez Y\u00fcr\u00fctme Kurulu, Sungur&#8217;u, tedbirli olarak [&hellip;]<\/p>\n","protected":false},"author":1,"featured_media":5695,"comment_status":"open","ping_status":"open","sticky":false,"template":"","format":"standard","meta":{"footnotes":"","_links_to":"","_links_to_target":""},"categories":[1],"tags":[],"class_list":["post-5734","post","type-post","status-publish","format-standard","has-post-thumbnail","hentry","category-haberler"],"_links":{"self":[{"href":"https:\/\/www.abchukuk.com\/index.php\/wp-json\/wp\/v2\/posts\/5734","targetHints":{"allow":["GET"]}}],"collection":[{"href":"https:\/\/www.abchukuk.com\/index.php\/wp-json\/wp\/v2\/posts"}],"about":[{"href":"https:\/\/www.abchukuk.com\/index.php\/wp-json\/wp\/v2\/types\/post"}],"author":[{"embeddable":true,"href":"https:\/\/www.abchukuk.com\/index.php\/wp-json\/wp\/v2\/users\/1"}],"replies":[{"embeddable":true,"href":"https:\/\/www.abchukuk.com\/index.php\/wp-json\/wp\/v2\/comments?post=5734"}],"version-history":[{"count":0,"href":"https:\/\/www.abchukuk.com\/index.php\/wp-json\/wp\/v2\/posts\/5734\/revisions"}],"wp:featuredmedia":[{"embeddable":true,"href":"https:\/\/www.abchukuk.com\/index.php\/wp-json\/wp\/v2\/media\/5695"}],"wp:attachment":[{"href":"https:\/\/www.abchukuk.com\/index.php\/wp-json\/wp\/v2\/media?parent=5734"}],"wp:term":[{"taxonomy":"category","embeddable":true,"href":"https:\/\/www.abchukuk.com\/index.php\/wp-json\/wp\/v2\/categories?post=5734"},{"taxonomy":"post_tag","embeddable":true,"href":"https:\/\/www.abchukuk.com\/index.php\/wp-json\/wp\/v2\/tags?post=5734"}],"curies":[{"name":"wp","href":"https:\/\/api.w.org\/{rel}","templated":true}]}}