{"id":5732,"date":"2025-09-19T15:40:00","date_gmt":"2025-09-19T15:40:00","guid":{"rendered":"https:\/\/www.abchukuk.com\/index.php\/2025\/09\/19\/istinaf-imamoglunun-hapis-cezasini-guncelleyerek-onadi\/"},"modified":"2025-09-19T15:40:00","modified_gmt":"2025-09-19T15:40:00","slug":"istinaf-imamoglunun-hapis-cezasini-guncelleyerek-onadi","status":"publish","type":"post","link":"https:\/\/www.abchukuk.com\/index.php\/2025\/09\/19\/istinaf-imamoglunun-hapis-cezasini-guncelleyerek-onadi\/","title":{"rendered":"\u0130stinaf, \u0130mamo\u011flu\u2019nun Hapis Cezas\u0131n\u0131 G\u00fcncelleyerek Onad\u0131"},"content":{"rendered":"<p><a href=\"https:\/\/www.gercekgundem.com\/siyaset\/istinaf-imamoglunun-hapis-cezasini-guncelleyerek-onadi-556085\"><br \/>\n                                                            <img decoding=\"async\" src=\"https:\/\/i.gercekgundem.com\/2\/150\/84\/storage\/files\/images\/2025\/09\/13\/ekrem-imamogluna-hakaret-davasi-2-yil-4-aya-kadar-hapsi-isteniyor-wxep.png\" width=\"150\" height=\"84\" border=\"0\" align=\"right\" \/><br \/>\n                                                    <\/a><\/p>\n<h4>Tutuklanarak g\u00f6revden uzakla\u015ft\u0131r\u0131lan Ekrem \u0130mamo\u011flu\u2019na YSK \u00fcyelerine hakaret etti\u011fi gerek\u00e7esiyle verilen hapis cezas\u0131 \u0130stinaf Mahkemesi taraf\u0131ndan onand\u0131. Ayr\u0131ca ceza, hesap hatas\u0131 yap\u0131ld\u0131\u011f\u0131 gerek\u00e7esiyle d\u00fc\u015f\u00fcr\u00fcld\u00fc.<\/h4>\n<p>Tutuklanarak g\u00f6revden uzakla\u015ft\u0131r\u0131lan Ekrem \u0130mamo\u011flu\u2019na YSK \u00fcyelerine hakaret etti\u011fi gerek\u00e7esiyle verilen hapis cezas\u0131 \u0130stinaf Mahkemesi taraf\u0131ndan onand\u0131. Ayr\u0131ca ceza, hesap hatas\u0131 yap\u0131ld\u0131\u011f\u0131 gerek\u00e7esiyle d\u00fc\u015f\u00fcr\u00fcld\u00fc.\u00a0<a href=\"https:\/\/www.gercekgundem.com\/siyaset\/istinaf-imamoglunun-hapis-cezasini-guncelleyerek-onadi-556085\" target=\"_blank\" class=\"feedzy-rss-link-icon\">Read More<\/a><\/p>","protected":false},"excerpt":{"rendered":"<p>Tutuklanarak g\u00f6revden uzakla\u015ft\u0131r\u0131lan Ekrem \u0130mamo\u011flu\u2019na YSK \u00fcyelerine hakaret etti\u011fi gerek\u00e7esiyle verilen hapis cezas\u0131 \u0130stinaf Mahkemesi taraf\u0131ndan onand\u0131. Ayr\u0131ca ceza, hesap hatas\u0131 yap\u0131ld\u0131\u011f\u0131 gerek\u00e7esiyle d\u00fc\u015f\u00fcr\u00fcld\u00fc. Tutuklanarak g\u00f6revden uzakla\u015ft\u0131r\u0131lan Ekrem \u0130mamo\u011flu\u2019na YSK \u00fcyelerine hakaret etti\u011fi gerek\u00e7esiyle verilen hapis cezas\u0131 \u0130stinaf Mahkemesi taraf\u0131ndan onand\u0131. Ayr\u0131ca ceza, hesap hatas\u0131 yap\u0131ld\u0131\u011f\u0131 gerek\u00e7esiyle d\u00fc\u015f\u00fcr\u00fcld\u00fc.\u00a0Read More<\/p>\n","protected":false},"author":1,"featured_media":5733,"comment_status":"open","ping_status":"open","sticky":false,"template":"","format":"standard","meta":{"footnotes":"","_links_to":"","_links_to_target":""},"categories":[1],"tags":[],"class_list":["post-5732","post","type-post","status-publish","format-standard","has-post-thumbnail","hentry","category-haberler"],"_links":{"self":[{"href":"https:\/\/www.abchukuk.com\/index.php\/wp-json\/wp\/v2\/posts\/5732","targetHints":{"allow":["GET"]}}],"collection":[{"href":"https:\/\/www.abchukuk.com\/index.php\/wp-json\/wp\/v2\/posts"}],"about":[{"href":"https:\/\/www.abchukuk.com\/index.php\/wp-json\/wp\/v2\/types\/post"}],"author":[{"embeddable":true,"href":"https:\/\/www.abchukuk.com\/index.php\/wp-json\/wp\/v2\/users\/1"}],"replies":[{"embeddable":true,"href":"https:\/\/www.abchukuk.com\/index.php\/wp-json\/wp\/v2\/comments?post=5732"}],"version-history":[{"count":0,"href":"https:\/\/www.abchukuk.com\/index.php\/wp-json\/wp\/v2\/posts\/5732\/revisions"}],"wp:featuredmedia":[{"embeddable":true,"href":"https:\/\/www.abchukuk.com\/index.php\/wp-json\/wp\/v2\/media\/5733"}],"wp:attachment":[{"href":"https:\/\/www.abchukuk.com\/index.php\/wp-json\/wp\/v2\/media?parent=5732"}],"wp:term":[{"taxonomy":"category","embeddable":true,"href":"https:\/\/www.abchukuk.com\/index.php\/wp-json\/wp\/v2\/categories?post=5732"},{"taxonomy":"post_tag","embeddable":true,"href":"https:\/\/www.abchukuk.com\/index.php\/wp-json\/wp\/v2\/tags?post=5732"}],"curies":[{"name":"wp","href":"https:\/\/api.w.org\/{rel}","templated":true}]}}