{"id":5730,"date":"2025-09-19T15:47:00","date_gmt":"2025-09-19T15:47:00","guid":{"rendered":"https:\/\/www.abchukuk.com\/index.php\/2025\/09\/19\/imamoglunun-yargilandigi-ahmak-davasi-onandi-hukukun-degil-sarayin-kalemsorlugunun-eseri\/"},"modified":"2025-09-19T15:47:00","modified_gmt":"2025-09-19T15:47:00","slug":"imamoglunun-yargilandigi-ahmak-davasi-onandi-hukukun-degil-sarayin-kalemsorlugunun-eseri","status":"publish","type":"post","link":"https:\/\/www.abchukuk.com\/index.php\/2025\/09\/19\/imamoglunun-yargilandigi-ahmak-davasi-onandi-hukukun-degil-sarayin-kalemsorlugunun-eseri\/","title":{"rendered":"\u0130mamo\u011flu&#8217;nun yarg\u0131land\u0131\u011f\u0131 \u201cAhmak Davas\u0131\u201d onand\u0131! \u201cHukukun de\u011fil saray\u0131n kalem\u015f\u00f6rl\u00fc\u011f\u00fcn\u00fcn eseri\u201d"},"content":{"rendered":"<p>Ekrem \u0130mamo\u011flu\u2019nun yarg\u0131land\u0131\u011f\u0131 \u201cahmak\u201d davas\u0131nda ald\u0131\u011f\u0131  2 y\u0131l 7 ay 15 g\u00fcn hapis cezas\u0131 ve siyasi yasak cezas\u0131 \u0130stinaf Mahkemesi taraf\u0131ndan onand\u0131.Ekrem \u0130mamo\u011flu\u2019nun yarg\u0131land\u0131\u011f\u0131 \u201cahmak\u201d davas\u0131nda ald\u0131\u011f\u0131  2 y\u0131l 7 ay 15 g\u00fcn hapis cezas\u0131 ve siyasi yasak cezas\u0131 \u0130stinaf Mahkemesi taraf\u0131ndan onand\u0131.\u00a0<a href=\"https:\/\/www.cumhuriyet.com.tr\/turkiye\/imamoglu-nun-yargilandigi-ahmak-davasi-onandi-hukukun-degil-sarayin-kalemsorlugunun-eseri-2436579\" target=\"_blank\" class=\"feedzy-rss-link-icon\">Read More<\/a><\/p>","protected":false},"excerpt":{"rendered":"<p>Ekrem \u0130mamo\u011flu\u2019nun yarg\u0131land\u0131\u011f\u0131 \u201cahmak\u201d davas\u0131nda ald\u0131\u011f\u0131 2 y\u0131l 7 ay 15 g\u00fcn hapis cezas\u0131 ve siyasi yasak cezas\u0131 \u0130stinaf Mahkemesi taraf\u0131ndan onand\u0131.Ekrem \u0130mamo\u011flu\u2019nun yarg\u0131land\u0131\u011f\u0131 \u201cahmak\u201d davas\u0131nda ald\u0131\u011f\u0131 2 y\u0131l 7 ay 15 g\u00fcn hapis cezas\u0131 ve siyasi yasak cezas\u0131 \u0130stinaf Mahkemesi taraf\u0131ndan onand\u0131.\u00a0Read More<\/p>\n","protected":false},"author":1,"featured_media":5731,"comment_status":"open","ping_status":"open","sticky":false,"template":"","format":"standard","meta":{"footnotes":"","_links_to":"","_links_to_target":""},"categories":[1],"tags":[],"class_list":["post-5730","post","type-post","status-publish","format-standard","has-post-thumbnail","hentry","category-haberler"],"_links":{"self":[{"href":"https:\/\/www.abchukuk.com\/index.php\/wp-json\/wp\/v2\/posts\/5730","targetHints":{"allow":["GET"]}}],"collection":[{"href":"https:\/\/www.abchukuk.com\/index.php\/wp-json\/wp\/v2\/posts"}],"about":[{"href":"https:\/\/www.abchukuk.com\/index.php\/wp-json\/wp\/v2\/types\/post"}],"author":[{"embeddable":true,"href":"https:\/\/www.abchukuk.com\/index.php\/wp-json\/wp\/v2\/users\/1"}],"replies":[{"embeddable":true,"href":"https:\/\/www.abchukuk.com\/index.php\/wp-json\/wp\/v2\/comments?post=5730"}],"version-history":[{"count":0,"href":"https:\/\/www.abchukuk.com\/index.php\/wp-json\/wp\/v2\/posts\/5730\/revisions"}],"wp:featuredmedia":[{"embeddable":true,"href":"https:\/\/www.abchukuk.com\/index.php\/wp-json\/wp\/v2\/media\/5731"}],"wp:attachment":[{"href":"https:\/\/www.abchukuk.com\/index.php\/wp-json\/wp\/v2\/media?parent=5730"}],"wp:term":[{"taxonomy":"category","embeddable":true,"href":"https:\/\/www.abchukuk.com\/index.php\/wp-json\/wp\/v2\/categories?post=5730"},{"taxonomy":"post_tag","embeddable":true,"href":"https:\/\/www.abchukuk.com\/index.php\/wp-json\/wp\/v2\/tags?post=5730"}],"curies":[{"name":"wp","href":"https:\/\/api.w.org\/{rel}","templated":true}]}}