{"id":5728,"date":"2025-09-19T14:14:00","date_gmt":"2025-09-19T14:14:00","guid":{"rendered":"https:\/\/www.abchukuk.com\/index.php\/2025\/09\/19\/12-yasindaki-cocugu-taciz-etmekle-yargilanan-muftuye-1-yil-15-ay-ceza\/"},"modified":"2025-09-19T14:14:00","modified_gmt":"2025-09-19T14:14:00","slug":"12-yasindaki-cocugu-taciz-etmekle-yargilanan-muftuye-1-yil-15-ay-ceza","status":"publish","type":"post","link":"https:\/\/www.abchukuk.com\/index.php\/2025\/09\/19\/12-yasindaki-cocugu-taciz-etmekle-yargilanan-muftuye-1-yil-15-ay-ceza\/","title":{"rendered":"12 ya\u015f\u0131ndaki \u00e7ocu\u011fu taciz etmekle yarg\u0131lanan m\u00fcft\u00fcye 1 y\u0131l 15 ay ceza"},"content":{"rendered":"<p>Eski\u015fehir\u2019de 12 ya\u015f\u0131nda k\u0131z \u00e7ocu\u011funu taciz etmekten yarg\u0131lanan m\u00fcft\u00fc \u0130shak Y\u0131ld\u0131r\u0131m&#8217;\u0131n 1 y\u0131l 15 ay ceza almas\u0131na tepki g\u00f6steren Eski\u015fehir Kad\u0131n Dayan\u0131\u015fma Komiteleri, adliye binas\u0131 \u00f6n\u00fcnde a\u00e7\u0131klama yapt\u0131.Eski\u015fehir\u2019de 12 ya\u015f\u0131nda k\u0131z \u00e7ocu\u011funu taciz etmekten yarg\u0131lanan m\u00fcft\u00fc \u0130shak Y\u0131ld\u0131r\u0131m&#8217;\u0131n 1 y\u0131l 15 ay ceza almas\u0131na tepki g\u00f6steren Eski\u015fehir Kad\u0131n Dayan\u0131\u015fma Komiteleri, adliye binas\u0131 \u00f6n\u00fcnde a\u00e7\u0131klama yapt\u0131.\u00a0<a href=\"https:\/\/www.cumhuriyet.com.tr\/turkiye\/12-yasindaki-cocugu-taciz-etmekle-yargilanan-muftuye-1-yil-15-ay-ceza-2436553\" target=\"_blank\" class=\"feedzy-rss-link-icon\">Read More<\/a><\/p>","protected":false},"excerpt":{"rendered":"<p>Eski\u015fehir\u2019de 12 ya\u015f\u0131nda k\u0131z \u00e7ocu\u011funu taciz etmekten yarg\u0131lanan m\u00fcft\u00fc \u0130shak Y\u0131ld\u0131r\u0131m&#8217;\u0131n 1 y\u0131l 15 ay ceza almas\u0131na tepki g\u00f6steren Eski\u015fehir Kad\u0131n Dayan\u0131\u015fma Komiteleri, adliye binas\u0131 \u00f6n\u00fcnde a\u00e7\u0131klama yapt\u0131.Eski\u015fehir\u2019de 12 ya\u015f\u0131nda k\u0131z \u00e7ocu\u011funu taciz etmekten yarg\u0131lanan m\u00fcft\u00fc \u0130shak Y\u0131ld\u0131r\u0131m&#8217;\u0131n 1 y\u0131l 15 ay ceza almas\u0131na tepki g\u00f6steren Eski\u015fehir Kad\u0131n Dayan\u0131\u015fma Komiteleri, adliye binas\u0131 \u00f6n\u00fcnde a\u00e7\u0131klama yapt\u0131.\u00a0Read [&hellip;]<\/p>\n","protected":false},"author":1,"featured_media":5729,"comment_status":"open","ping_status":"open","sticky":false,"template":"","format":"standard","meta":{"footnotes":"","_links_to":"","_links_to_target":""},"categories":[1],"tags":[],"class_list":["post-5728","post","type-post","status-publish","format-standard","has-post-thumbnail","hentry","category-haberler"],"_links":{"self":[{"href":"https:\/\/www.abchukuk.com\/index.php\/wp-json\/wp\/v2\/posts\/5728","targetHints":{"allow":["GET"]}}],"collection":[{"href":"https:\/\/www.abchukuk.com\/index.php\/wp-json\/wp\/v2\/posts"}],"about":[{"href":"https:\/\/www.abchukuk.com\/index.php\/wp-json\/wp\/v2\/types\/post"}],"author":[{"embeddable":true,"href":"https:\/\/www.abchukuk.com\/index.php\/wp-json\/wp\/v2\/users\/1"}],"replies":[{"embeddable":true,"href":"https:\/\/www.abchukuk.com\/index.php\/wp-json\/wp\/v2\/comments?post=5728"}],"version-history":[{"count":0,"href":"https:\/\/www.abchukuk.com\/index.php\/wp-json\/wp\/v2\/posts\/5728\/revisions"}],"wp:featuredmedia":[{"embeddable":true,"href":"https:\/\/www.abchukuk.com\/index.php\/wp-json\/wp\/v2\/media\/5729"}],"wp:attachment":[{"href":"https:\/\/www.abchukuk.com\/index.php\/wp-json\/wp\/v2\/media?parent=5728"}],"wp:term":[{"taxonomy":"category","embeddable":true,"href":"https:\/\/www.abchukuk.com\/index.php\/wp-json\/wp\/v2\/categories?post=5728"},{"taxonomy":"post_tag","embeddable":true,"href":"https:\/\/www.abchukuk.com\/index.php\/wp-json\/wp\/v2\/tags?post=5728"}],"curies":[{"name":"wp","href":"https:\/\/api.w.org\/{rel}","templated":true}]}}