{"id":5726,"date":"2025-09-19T14:24:00","date_gmt":"2025-09-19T14:24:00","guid":{"rendered":"https:\/\/www.abchukuk.com\/index.php\/2025\/09\/19\/sarachane-protesto-davalarinda-66-kisi-hakim-karsisinda-polis-siddeti-iddialari-bu-durusmaya-da-yansidi\/"},"modified":"2025-09-19T14:24:00","modified_gmt":"2025-09-19T14:24:00","slug":"sarachane-protesto-davalarinda-66-kisi-hakim-karsisinda-polis-siddeti-iddialari-bu-durusmaya-da-yansidi","status":"publish","type":"post","link":"https:\/\/www.abchukuk.com\/index.php\/2025\/09\/19\/sarachane-protesto-davalarinda-66-kisi-hakim-karsisinda-polis-siddeti-iddialari-bu-durusmaya-da-yansidi\/","title":{"rendered":"Sara\u00e7hane protesto davalar\u0131nda 66 ki\u015fi hakim kar\u015f\u0131s\u0131nda: Polis \u015fiddeti iddialar\u0131 bu duru\u015fmaya da yans\u0131d\u0131!"},"content":{"rendered":"<p>\u0130BB Ba\u015fkan\u0131 Ekrem \u0130mamo\u011flu\u2019nun tutuklanmas\u0131n\u0131 protesto eden 66 ki\u015finin yarg\u0131land\u0131\u011f\u0131 Sara\u00e7hane davas\u0131nda polis \u015fiddeti iddialar\u0131 damga vurdu. Duru\u015fma \u015eubat 2026\u2019ya ertelendi.\u0130BB Ba\u015fkan\u0131 Ekrem \u0130mamo\u011flu\u2019nun tutuklanmas\u0131n\u0131 protesto eden 66 ki\u015finin yarg\u0131land\u0131\u011f\u0131 Sara\u00e7hane davas\u0131nda polis \u015fiddeti iddialar\u0131 damga vurdu. Duru\u015fma \u015eubat 2026\u2019ya ertelendi.\u00a0<a href=\"https:\/\/www.cumhuriyet.com.tr\/siyaset\/sarachane-protesto-davalarinda-66-kisi-hakim-karsisinda-polis-siddeti-iddialari-bu-durusmaya-da-yansidi-2436559\" target=\"_blank\" class=\"feedzy-rss-link-icon\">Read More<\/a><\/p>","protected":false},"excerpt":{"rendered":"<p>\u0130BB Ba\u015fkan\u0131 Ekrem \u0130mamo\u011flu\u2019nun tutuklanmas\u0131n\u0131 protesto eden 66 ki\u015finin yarg\u0131land\u0131\u011f\u0131 Sara\u00e7hane davas\u0131nda polis \u015fiddeti iddialar\u0131 damga vurdu. Duru\u015fma \u015eubat 2026\u2019ya ertelendi.\u0130BB Ba\u015fkan\u0131 Ekrem \u0130mamo\u011flu\u2019nun tutuklanmas\u0131n\u0131 protesto eden 66 ki\u015finin yarg\u0131land\u0131\u011f\u0131 Sara\u00e7hane davas\u0131nda polis \u015fiddeti iddialar\u0131 damga vurdu. Duru\u015fma \u015eubat 2026\u2019ya ertelendi.\u00a0Read More<\/p>\n","protected":false},"author":1,"featured_media":5727,"comment_status":"open","ping_status":"open","sticky":false,"template":"","format":"standard","meta":{"footnotes":"","_links_to":"","_links_to_target":""},"categories":[1],"tags":[],"class_list":["post-5726","post","type-post","status-publish","format-standard","has-post-thumbnail","hentry","category-haberler"],"_links":{"self":[{"href":"https:\/\/www.abchukuk.com\/index.php\/wp-json\/wp\/v2\/posts\/5726","targetHints":{"allow":["GET"]}}],"collection":[{"href":"https:\/\/www.abchukuk.com\/index.php\/wp-json\/wp\/v2\/posts"}],"about":[{"href":"https:\/\/www.abchukuk.com\/index.php\/wp-json\/wp\/v2\/types\/post"}],"author":[{"embeddable":true,"href":"https:\/\/www.abchukuk.com\/index.php\/wp-json\/wp\/v2\/users\/1"}],"replies":[{"embeddable":true,"href":"https:\/\/www.abchukuk.com\/index.php\/wp-json\/wp\/v2\/comments?post=5726"}],"version-history":[{"count":0,"href":"https:\/\/www.abchukuk.com\/index.php\/wp-json\/wp\/v2\/posts\/5726\/revisions"}],"wp:featuredmedia":[{"embeddable":true,"href":"https:\/\/www.abchukuk.com\/index.php\/wp-json\/wp\/v2\/media\/5727"}],"wp:attachment":[{"href":"https:\/\/www.abchukuk.com\/index.php\/wp-json\/wp\/v2\/media?parent=5726"}],"wp:term":[{"taxonomy":"category","embeddable":true,"href":"https:\/\/www.abchukuk.com\/index.php\/wp-json\/wp\/v2\/categories?post=5726"},{"taxonomy":"post_tag","embeddable":true,"href":"https:\/\/www.abchukuk.com\/index.php\/wp-json\/wp\/v2\/tags?post=5726"}],"curies":[{"name":"wp","href":"https:\/\/api.w.org\/{rel}","templated":true}]}}