{"id":5724,"date":"2025-09-19T14:33:00","date_gmt":"2025-09-19T14:33:00","guid":{"rendered":"https:\/\/www.abchukuk.com\/index.php\/2025\/09\/19\/saadetli-sandik-musahitlerinin-oldurulmesi-davada-tutuklu-sanik-kalmadi\/"},"modified":"2025-09-19T14:33:00","modified_gmt":"2025-09-19T14:33:00","slug":"saadetli-sandik-musahitlerinin-oldurulmesi-davada-tutuklu-sanik-kalmadi","status":"publish","type":"post","link":"https:\/\/www.abchukuk.com\/index.php\/2025\/09\/19\/saadetli-sandik-musahitlerinin-oldurulmesi-davada-tutuklu-sanik-kalmadi\/","title":{"rendered":"Saadet&#8217;li sand\u0131k m\u00fc\u015fahitlerinin \u00f6ld\u00fcr\u00fclmesi davada tutuklu san\u0131k kalmad\u0131!"},"content":{"rendered":"<p>Malatya&#8217;da Saadet Partisi sand\u0131k m\u00fc\u015fahitleri Hasan Akta\u015f ve \u0130lyas Akta\u015f\u2019\u0131n katledilmesine ili\u015fkin dava kapsam\u0131nda tutuklu san\u0131k kalmad\u0131. Saadet Partisi avukat\u0131n\u0131n san\u0131klar\u0131n tutuklanmas\u0131 talebini reddeden mahkeme heyeti, savc\u0131n\u0131n m\u00fctalaa haz\u0131rl\u0131\u011f\u0131 gerek\u00e7esiyle davay\u0131 2026 y\u0131l\u0131na erteledi.Malatya&#8217;da Saadet Partisi sand\u0131k m\u00fc\u015fahitleri Hasan Akta\u015f ve \u0130lyas Akta\u015f\u2019\u0131n katledilmesine ili\u015fkin dava kapsam\u0131nda tutuklu san\u0131k kalmad\u0131. Saadet Partisi avukat\u0131n\u0131n san\u0131klar\u0131n tutuklanmas\u0131 talebini reddeden mahkeme heyeti, savc\u0131n\u0131n m\u00fctalaa haz\u0131rl\u0131\u011f\u0131 gerek\u00e7esiyle davay\u0131 2026 y\u0131l\u0131na erteledi.\u00a0<a href=\"https:\/\/www.cumhuriyet.com.tr\/siyaset\/saadet-li-sandik-musahitlerinin-oldurulmesi-davada-tutuklu-sanik-kalmadi-2436562\" target=\"_blank\" class=\"feedzy-rss-link-icon\">Read More<\/a><\/p>","protected":false},"excerpt":{"rendered":"<p>Malatya&#8217;da Saadet Partisi sand\u0131k m\u00fc\u015fahitleri Hasan Akta\u015f ve \u0130lyas Akta\u015f\u2019\u0131n katledilmesine ili\u015fkin dava kapsam\u0131nda tutuklu san\u0131k kalmad\u0131. Saadet Partisi avukat\u0131n\u0131n san\u0131klar\u0131n tutuklanmas\u0131 talebini reddeden mahkeme heyeti, savc\u0131n\u0131n m\u00fctalaa haz\u0131rl\u0131\u011f\u0131 gerek\u00e7esiyle davay\u0131 2026 y\u0131l\u0131na erteledi.Malatya&#8217;da Saadet Partisi sand\u0131k m\u00fc\u015fahitleri Hasan Akta\u015f ve \u0130lyas Akta\u015f\u2019\u0131n katledilmesine ili\u015fkin dava kapsam\u0131nda tutuklu san\u0131k kalmad\u0131. Saadet Partisi avukat\u0131n\u0131n san\u0131klar\u0131n tutuklanmas\u0131 [&hellip;]<\/p>\n","protected":false},"author":1,"featured_media":5725,"comment_status":"open","ping_status":"open","sticky":false,"template":"","format":"standard","meta":{"footnotes":"","_links_to":"","_links_to_target":""},"categories":[1],"tags":[],"class_list":["post-5724","post","type-post","status-publish","format-standard","has-post-thumbnail","hentry","category-haberler"],"_links":{"self":[{"href":"https:\/\/www.abchukuk.com\/index.php\/wp-json\/wp\/v2\/posts\/5724","targetHints":{"allow":["GET"]}}],"collection":[{"href":"https:\/\/www.abchukuk.com\/index.php\/wp-json\/wp\/v2\/posts"}],"about":[{"href":"https:\/\/www.abchukuk.com\/index.php\/wp-json\/wp\/v2\/types\/post"}],"author":[{"embeddable":true,"href":"https:\/\/www.abchukuk.com\/index.php\/wp-json\/wp\/v2\/users\/1"}],"replies":[{"embeddable":true,"href":"https:\/\/www.abchukuk.com\/index.php\/wp-json\/wp\/v2\/comments?post=5724"}],"version-history":[{"count":0,"href":"https:\/\/www.abchukuk.com\/index.php\/wp-json\/wp\/v2\/posts\/5724\/revisions"}],"wp:featuredmedia":[{"embeddable":true,"href":"https:\/\/www.abchukuk.com\/index.php\/wp-json\/wp\/v2\/media\/5725"}],"wp:attachment":[{"href":"https:\/\/www.abchukuk.com\/index.php\/wp-json\/wp\/v2\/media?parent=5724"}],"wp:term":[{"taxonomy":"category","embeddable":true,"href":"https:\/\/www.abchukuk.com\/index.php\/wp-json\/wp\/v2\/categories?post=5724"},{"taxonomy":"post_tag","embeddable":true,"href":"https:\/\/www.abchukuk.com\/index.php\/wp-json\/wp\/v2\/tags?post=5724"}],"curies":[{"name":"wp","href":"https:\/\/api.w.org\/{rel}","templated":true}]}}