{"id":5718,"date":"2025-09-19T13:11:00","date_gmt":"2025-09-19T13:11:00","guid":{"rendered":"https:\/\/www.abchukuk.com\/index.php\/2025\/09\/19\/feray-sahin-olumunun-8-yilinda-mersinde-anildi-adalet-arayisimizdan-vazgecmeyecegiz\/"},"modified":"2025-09-19T13:11:00","modified_gmt":"2025-09-19T13:11:00","slug":"feray-sahin-olumunun-8-yilinda-mersinde-anildi-adalet-arayisimizdan-vazgecmeyecegiz","status":"publish","type":"post","link":"https:\/\/www.abchukuk.com\/index.php\/2025\/09\/19\/feray-sahin-olumunun-8-yilinda-mersinde-anildi-adalet-arayisimizdan-vazgecmeyecegiz\/","title":{"rendered":"Feray \u015eahin, \u00f6l\u00fcm\u00fcn\u00fcn 8. y\u0131l\u0131nda Mersin\u2019de an\u0131ld\u0131: &#8216;Adalet aray\u0131\u015f\u0131m\u0131zdan vazge\u00e7meyece\u011fiz&#8217;"},"content":{"rendered":"<p>2017 y\u0131l\u0131nda polis kur\u015funuyla hayat\u0131n\u0131 kaybeden Feray \u015eahin, \u00f6l\u00fcm\u00fcn\u00fcn 8. y\u0131l\u0131nda isminin verildi\u011fi parkta d\u00fczenlenen etkinlikle an\u0131ld\u0131.2017 y\u0131l\u0131nda polis kur\u015funuyla hayat\u0131n\u0131 kaybeden Feray \u015eahin, \u00f6l\u00fcm\u00fcn\u00fcn 8. y\u0131l\u0131nda isminin verildi\u011fi parkta d\u00fczenlenen etkinlikle an\u0131ld\u0131.\u00a0<a href=\"https:\/\/www.cumhuriyet.com.tr\/turkiye\/feray-sahin-olumunun-8-yilinda-mersin-de-anildi-adalet-arayisimizdan-vazgecmeyecegiz-2436537\" target=\"_blank\" class=\"feedzy-rss-link-icon\">Read More<\/a><\/p>","protected":false},"excerpt":{"rendered":"<p>2017 y\u0131l\u0131nda polis kur\u015funuyla hayat\u0131n\u0131 kaybeden Feray \u015eahin, \u00f6l\u00fcm\u00fcn\u00fcn 8. y\u0131l\u0131nda isminin verildi\u011fi parkta d\u00fczenlenen etkinlikle an\u0131ld\u0131.2017 y\u0131l\u0131nda polis kur\u015funuyla hayat\u0131n\u0131 kaybeden Feray \u015eahin, \u00f6l\u00fcm\u00fcn\u00fcn 8. y\u0131l\u0131nda isminin verildi\u011fi parkta d\u00fczenlenen etkinlikle an\u0131ld\u0131.\u00a0Read More<\/p>\n","protected":false},"author":1,"featured_media":5719,"comment_status":"open","ping_status":"open","sticky":false,"template":"","format":"standard","meta":{"footnotes":"","_links_to":"","_links_to_target":""},"categories":[1],"tags":[],"class_list":["post-5718","post","type-post","status-publish","format-standard","has-post-thumbnail","hentry","category-haberler"],"_links":{"self":[{"href":"https:\/\/www.abchukuk.com\/index.php\/wp-json\/wp\/v2\/posts\/5718","targetHints":{"allow":["GET"]}}],"collection":[{"href":"https:\/\/www.abchukuk.com\/index.php\/wp-json\/wp\/v2\/posts"}],"about":[{"href":"https:\/\/www.abchukuk.com\/index.php\/wp-json\/wp\/v2\/types\/post"}],"author":[{"embeddable":true,"href":"https:\/\/www.abchukuk.com\/index.php\/wp-json\/wp\/v2\/users\/1"}],"replies":[{"embeddable":true,"href":"https:\/\/www.abchukuk.com\/index.php\/wp-json\/wp\/v2\/comments?post=5718"}],"version-history":[{"count":0,"href":"https:\/\/www.abchukuk.com\/index.php\/wp-json\/wp\/v2\/posts\/5718\/revisions"}],"wp:featuredmedia":[{"embeddable":true,"href":"https:\/\/www.abchukuk.com\/index.php\/wp-json\/wp\/v2\/media\/5719"}],"wp:attachment":[{"href":"https:\/\/www.abchukuk.com\/index.php\/wp-json\/wp\/v2\/media?parent=5718"}],"wp:term":[{"taxonomy":"category","embeddable":true,"href":"https:\/\/www.abchukuk.com\/index.php\/wp-json\/wp\/v2\/categories?post=5718"},{"taxonomy":"post_tag","embeddable":true,"href":"https:\/\/www.abchukuk.com\/index.php\/wp-json\/wp\/v2\/tags?post=5718"}],"curies":[{"name":"wp","href":"https:\/\/api.w.org\/{rel}","templated":true}]}}