{"id":5700,"date":"2025-09-18T23:53:00","date_gmt":"2025-09-18T23:53:00","guid":{"rendered":"https:\/\/www.abchukuk.com\/index.php\/2025\/09\/18\/mahmud-halil-abdde-yargic-filistinli-aktivistin-sinirdisi-edilmesine-karar-verdi\/"},"modified":"2025-09-18T23:53:00","modified_gmt":"2025-09-18T23:53:00","slug":"mahmud-halil-abdde-yargic-filistinli-aktivistin-sinirdisi-edilmesine-karar-verdi","status":"publish","type":"post","link":"https:\/\/www.abchukuk.com\/index.php\/2025\/09\/18\/mahmud-halil-abdde-yargic-filistinli-aktivistin-sinirdisi-edilmesine-karar-verdi\/","title":{"rendered":"Mahmud Halil: ABD&#8217;de yarg\u0131\u00e7, Filistinli aktivistin s\u0131n\u0131rd\u0131\u015f\u0131 edilmesine karar verdi"},"content":{"rendered":"<p>ABD&#8217;deki g\u00f6\u00e7menlik davalar\u0131na bakan yarg\u0131\u00e7 Jamee Comans, Mahmud Halil&#8217;in s\u0131n\u0131rd\u0131\u015f\u0131 edilmesine karar verdi. Halil, Gazze&#8217;deki sava\u015f ve ABD&#8217;nin \u0130srail&#8217;e verdi\u011fi destek nedeniyle 2024 y\u0131l\u0131nda \u00f6\u011frencisi oldu\u011fu Columbia \u00dcniversitesi&#8217;nde d\u00fczenlenen protestoya kat\u0131lm\u0131\u015f ve ard\u0131ndan g\u00f6zalt\u0131na al\u0131nm\u0131\u015ft\u0131.ABD&#8217;deki g\u00f6\u00e7menlik davalar\u0131na bakan yarg\u0131\u00e7 Jamee Comans, Mahmud Halil&#8217;in s\u0131n\u0131rd\u0131\u015f\u0131 edilmesine karar verdi. Halil, Gazze&#8217;deki sava\u015f ve ABD&#8217;nin \u0130srail&#8217;e verdi\u011fi destek nedeniyle 2024 y\u0131l\u0131nda \u00f6\u011frencisi oldu\u011fu Columbia \u00dcniversitesi&#8217;nde d\u00fczenlenen protestoya kat\u0131lm\u0131\u015f ve ard\u0131ndan g\u00f6zalt\u0131na al\u0131nm\u0131\u015ft\u0131.\u00a0<a href=\"https:\/\/www.bbc.com\/turkce\/articles\/cn8rj5lprj3o?at_medium=RSS&amp;at_campaign=rss\" target=\"_blank\" class=\"feedzy-rss-link-icon\">Read More<\/a><\/p>","protected":false},"excerpt":{"rendered":"<p>ABD&#8217;deki g\u00f6\u00e7menlik davalar\u0131na bakan yarg\u0131\u00e7 Jamee Comans, Mahmud Halil&#8217;in s\u0131n\u0131rd\u0131\u015f\u0131 edilmesine karar verdi. Halil, Gazze&#8217;deki sava\u015f ve ABD&#8217;nin \u0130srail&#8217;e verdi\u011fi destek nedeniyle 2024 y\u0131l\u0131nda \u00f6\u011frencisi oldu\u011fu Columbia \u00dcniversitesi&#8217;nde d\u00fczenlenen protestoya kat\u0131lm\u0131\u015f ve ard\u0131ndan g\u00f6zalt\u0131na al\u0131nm\u0131\u015ft\u0131.ABD&#8217;deki g\u00f6\u00e7menlik davalar\u0131na bakan yarg\u0131\u00e7 Jamee Comans, Mahmud Halil&#8217;in s\u0131n\u0131rd\u0131\u015f\u0131 edilmesine karar verdi. Halil, Gazze&#8217;deki sava\u015f ve ABD&#8217;nin \u0130srail&#8217;e verdi\u011fi destek [&hellip;]<\/p>\n","protected":false},"author":1,"featured_media":5655,"comment_status":"open","ping_status":"open","sticky":false,"template":"","format":"standard","meta":{"footnotes":"","_links_to":"","_links_to_target":""},"categories":[1],"tags":[],"class_list":["post-5700","post","type-post","status-publish","format-standard","has-post-thumbnail","hentry","category-haberler"],"_links":{"self":[{"href":"https:\/\/www.abchukuk.com\/index.php\/wp-json\/wp\/v2\/posts\/5700","targetHints":{"allow":["GET"]}}],"collection":[{"href":"https:\/\/www.abchukuk.com\/index.php\/wp-json\/wp\/v2\/posts"}],"about":[{"href":"https:\/\/www.abchukuk.com\/index.php\/wp-json\/wp\/v2\/types\/post"}],"author":[{"embeddable":true,"href":"https:\/\/www.abchukuk.com\/index.php\/wp-json\/wp\/v2\/users\/1"}],"replies":[{"embeddable":true,"href":"https:\/\/www.abchukuk.com\/index.php\/wp-json\/wp\/v2\/comments?post=5700"}],"version-history":[{"count":0,"href":"https:\/\/www.abchukuk.com\/index.php\/wp-json\/wp\/v2\/posts\/5700\/revisions"}],"wp:featuredmedia":[{"embeddable":true,"href":"https:\/\/www.abchukuk.com\/index.php\/wp-json\/wp\/v2\/media\/5655"}],"wp:attachment":[{"href":"https:\/\/www.abchukuk.com\/index.php\/wp-json\/wp\/v2\/media?parent=5700"}],"wp:term":[{"taxonomy":"category","embeddable":true,"href":"https:\/\/www.abchukuk.com\/index.php\/wp-json\/wp\/v2\/categories?post=5700"},{"taxonomy":"post_tag","embeddable":true,"href":"https:\/\/www.abchukuk.com\/index.php\/wp-json\/wp\/v2\/tags?post=5700"}],"curies":[{"name":"wp","href":"https:\/\/api.w.org\/{rel}","templated":true}]}}