{"id":5698,"date":"2025-09-19T09:01:00","date_gmt":"2025-09-19T09:01:00","guid":{"rendered":"https:\/\/www.abchukuk.com\/index.php\/2025\/09\/19\/derkan-baser-orgutune-operasyon-gozaltilar-var-dilan-polat-ve-engin-polat-ciftiyle-baglantisi-ne\/"},"modified":"2025-09-19T09:01:00","modified_gmt":"2025-09-19T09:01:00","slug":"derkan-baser-orgutune-operasyon-gozaltilar-var-dilan-polat-ve-engin-polat-ciftiyle-baglantisi-ne","status":"publish","type":"post","link":"https:\/\/www.abchukuk.com\/index.php\/2025\/09\/19\/derkan-baser-orgutune-operasyon-gozaltilar-var-dilan-polat-ve-engin-polat-ciftiyle-baglantisi-ne\/","title":{"rendered":"&#8216;Derkan Ba\u015fer&#8217; \u00f6rg\u00fct\u00fcne operasyon: G\u00f6zalt\u0131lar var! Dilan Polat ve Engin Polat \u00e7iftiyle ba\u011flant\u0131s\u0131 ne?"},"content":{"rendered":"<p>Dilan Polat ve Engin Polat&#8217;\u0131n tutuksuz yarg\u0131land\u0131\u011f\u0131 kara para davas\u0131, yasa d\u0131\u015f\u0131 bahis \u00f6rg\u00fct\u00fc lideri Derkan Ba\u015fer&#8217;in dosyas\u0131yla birle\u015ftirilmi\u015fti; bug\u00fcn d\u00fczenlenen operasyonda Ba\u015fer \u00e7etesinin 4 \u00fcyesi g\u00f6zalt\u0131na al\u0131nd\u0131, Polatlar\u0131n irtibat\u0131 skandal\u0131 b\u00fcy\u00fctecek.Dilan Polat ve Engin Polat&#8217;\u0131n tutuksuz yarg\u0131land\u0131\u011f\u0131 kara para davas\u0131, yasa d\u0131\u015f\u0131 bahis \u00f6rg\u00fct\u00fc lideri Derkan Ba\u015fer&#8217;in dosyas\u0131yla birle\u015ftirilmi\u015fti; bug\u00fcn d\u00fczenlenen operasyonda Ba\u015fer \u00e7etesinin 4 \u00fcyesi g\u00f6zalt\u0131na al\u0131nd\u0131, Polatlar\u0131n irtibat\u0131 skandal\u0131 b\u00fcy\u00fctecek.\u00a0<a href=\"https:\/\/www.cumhuriyet.com.tr\/siyaset\/derkan-baser-orgutune-operasyon-gozaltilar-var-dilan-polat-ve-engin-polat-ciftiyle-baglantisi-ne-2436461\" target=\"_blank\" class=\"feedzy-rss-link-icon\">Read More<\/a><\/p>","protected":false},"excerpt":{"rendered":"<p>Dilan Polat ve Engin Polat&#8217;\u0131n tutuksuz yarg\u0131land\u0131\u011f\u0131 kara para davas\u0131, yasa d\u0131\u015f\u0131 bahis \u00f6rg\u00fct\u00fc lideri Derkan Ba\u015fer&#8217;in dosyas\u0131yla birle\u015ftirilmi\u015fti; bug\u00fcn d\u00fczenlenen operasyonda Ba\u015fer \u00e7etesinin 4 \u00fcyesi g\u00f6zalt\u0131na al\u0131nd\u0131, Polatlar\u0131n irtibat\u0131 skandal\u0131 b\u00fcy\u00fctecek.Dilan Polat ve Engin Polat&#8217;\u0131n tutuksuz yarg\u0131land\u0131\u011f\u0131 kara para davas\u0131, yasa d\u0131\u015f\u0131 bahis \u00f6rg\u00fct\u00fc lideri Derkan Ba\u015fer&#8217;in dosyas\u0131yla birle\u015ftirilmi\u015fti; bug\u00fcn d\u00fczenlenen operasyonda Ba\u015fer \u00e7etesinin [&hellip;]<\/p>\n","protected":false},"author":1,"featured_media":5699,"comment_status":"open","ping_status":"open","sticky":false,"template":"","format":"standard","meta":{"footnotes":"","_links_to":"","_links_to_target":""},"categories":[1],"tags":[],"class_list":["post-5698","post","type-post","status-publish","format-standard","has-post-thumbnail","hentry","category-haberler"],"_links":{"self":[{"href":"https:\/\/www.abchukuk.com\/index.php\/wp-json\/wp\/v2\/posts\/5698","targetHints":{"allow":["GET"]}}],"collection":[{"href":"https:\/\/www.abchukuk.com\/index.php\/wp-json\/wp\/v2\/posts"}],"about":[{"href":"https:\/\/www.abchukuk.com\/index.php\/wp-json\/wp\/v2\/types\/post"}],"author":[{"embeddable":true,"href":"https:\/\/www.abchukuk.com\/index.php\/wp-json\/wp\/v2\/users\/1"}],"replies":[{"embeddable":true,"href":"https:\/\/www.abchukuk.com\/index.php\/wp-json\/wp\/v2\/comments?post=5698"}],"version-history":[{"count":0,"href":"https:\/\/www.abchukuk.com\/index.php\/wp-json\/wp\/v2\/posts\/5698\/revisions"}],"wp:featuredmedia":[{"embeddable":true,"href":"https:\/\/www.abchukuk.com\/index.php\/wp-json\/wp\/v2\/media\/5699"}],"wp:attachment":[{"href":"https:\/\/www.abchukuk.com\/index.php\/wp-json\/wp\/v2\/media?parent=5698"}],"wp:term":[{"taxonomy":"category","embeddable":true,"href":"https:\/\/www.abchukuk.com\/index.php\/wp-json\/wp\/v2\/categories?post=5698"},{"taxonomy":"post_tag","embeddable":true,"href":"https:\/\/www.abchukuk.com\/index.php\/wp-json\/wp\/v2\/tags?post=5698"}],"curies":[{"name":"wp","href":"https:\/\/api.w.org\/{rel}","templated":true}]}}