{"id":5690,"date":"2025-09-19T07:52:00","date_gmt":"2025-09-19T07:52:00","guid":{"rendered":"https:\/\/www.abchukuk.com\/index.php\/2025\/09\/19\/son-dakika-ak-partili-kirikkale-yahsihan-belediye-baskani-ahmet-sungura-gozalti\/"},"modified":"2025-09-19T07:52:00","modified_gmt":"2025-09-19T07:52:00","slug":"son-dakika-ak-partili-kirikkale-yahsihan-belediye-baskani-ahmet-sungura-gozalti","status":"publish","type":"post","link":"https:\/\/www.abchukuk.com\/index.php\/2025\/09\/19\/son-dakika-ak-partili-kirikkale-yahsihan-belediye-baskani-ahmet-sungura-gozalti\/","title":{"rendered":"Son dakika: AK Partili K\u0131r\u0131kkale Yah\u015fihan Belediye Ba\u015fkan\u0131 Ahmet Sungur&#8217;a g\u00f6zalt\u0131"},"content":{"rendered":"<p>Son dakika&#8230; K\u0131r\u0131kkale\u2019nin Yah\u015fihan il\u00e7esi Belediye Ba\u015fkan\u0131 AK Partili Ahmet Sungur&#8217;un sabah saatlerinde g\u00f6zalt\u0131na al\u0131nd\u0131\u011f\u0131 \u00f6\u011frenildi. Ya\u015fananlar\u0131n ard\u0131ndan AK Parti y\u00f6netimi Sungur&#8217;un ihra\u00e7 talebiyle disiplin kuruluna sevk edildi\u011fini duyurdu.Son dakika&#8230; K\u0131r\u0131kkale\u2019nin Yah\u015fihan il\u00e7esi Belediye Ba\u015fkan\u0131 AK Partili Ahmet Sungur&#8217;un sabah saatlerinde g\u00f6zalt\u0131na al\u0131nd\u0131\u011f\u0131 \u00f6\u011frenildi. Ya\u015fananlar\u0131n ard\u0131ndan AK Parti y\u00f6netimi Sungur&#8217;un ihra\u00e7 talebiyle disiplin kuruluna sevk edildi\u011fini duyurdu.\u00a0<a href=\"https:\/\/www.dunya.com\/gundem\/son-dakika-ak-partili-kirikkale-yahsihan-belediye-baskani-ahmet-sungura-gozalti-haberi-794744\" target=\"_blank\" class=\"feedzy-rss-link-icon\">Read More<\/a><\/p>","protected":false},"excerpt":{"rendered":"<p>Son dakika&#8230; K\u0131r\u0131kkale\u2019nin Yah\u015fihan il\u00e7esi Belediye Ba\u015fkan\u0131 AK Partili Ahmet Sungur&#8217;un sabah saatlerinde g\u00f6zalt\u0131na al\u0131nd\u0131\u011f\u0131 \u00f6\u011frenildi. Ya\u015fananlar\u0131n ard\u0131ndan AK Parti y\u00f6netimi Sungur&#8217;un ihra\u00e7 talebiyle disiplin kuruluna sevk edildi\u011fini duyurdu.Son dakika&#8230; K\u0131r\u0131kkale\u2019nin Yah\u015fihan il\u00e7esi Belediye Ba\u015fkan\u0131 AK Partili Ahmet Sungur&#8217;un sabah saatlerinde g\u00f6zalt\u0131na al\u0131nd\u0131\u011f\u0131 \u00f6\u011frenildi. Ya\u015fananlar\u0131n ard\u0131ndan AK Parti y\u00f6netimi Sungur&#8217;un ihra\u00e7 talebiyle disiplin kuruluna sevk [&hellip;]<\/p>\n","protected":false},"author":1,"featured_media":5691,"comment_status":"open","ping_status":"open","sticky":false,"template":"","format":"standard","meta":{"footnotes":"","_links_to":"","_links_to_target":""},"categories":[1],"tags":[],"class_list":["post-5690","post","type-post","status-publish","format-standard","has-post-thumbnail","hentry","category-haberler"],"_links":{"self":[{"href":"https:\/\/www.abchukuk.com\/index.php\/wp-json\/wp\/v2\/posts\/5690","targetHints":{"allow":["GET"]}}],"collection":[{"href":"https:\/\/www.abchukuk.com\/index.php\/wp-json\/wp\/v2\/posts"}],"about":[{"href":"https:\/\/www.abchukuk.com\/index.php\/wp-json\/wp\/v2\/types\/post"}],"author":[{"embeddable":true,"href":"https:\/\/www.abchukuk.com\/index.php\/wp-json\/wp\/v2\/users\/1"}],"replies":[{"embeddable":true,"href":"https:\/\/www.abchukuk.com\/index.php\/wp-json\/wp\/v2\/comments?post=5690"}],"version-history":[{"count":0,"href":"https:\/\/www.abchukuk.com\/index.php\/wp-json\/wp\/v2\/posts\/5690\/revisions"}],"wp:featuredmedia":[{"embeddable":true,"href":"https:\/\/www.abchukuk.com\/index.php\/wp-json\/wp\/v2\/media\/5691"}],"wp:attachment":[{"href":"https:\/\/www.abchukuk.com\/index.php\/wp-json\/wp\/v2\/media?parent=5690"}],"wp:term":[{"taxonomy":"category","embeddable":true,"href":"https:\/\/www.abchukuk.com\/index.php\/wp-json\/wp\/v2\/categories?post=5690"},{"taxonomy":"post_tag","embeddable":true,"href":"https:\/\/www.abchukuk.com\/index.php\/wp-json\/wp\/v2\/tags?post=5690"}],"curies":[{"name":"wp","href":"https:\/\/api.w.org\/{rel}","templated":true}]}}