{"id":5686,"date":"2025-09-19T08:24:57","date_gmt":"2025-09-19T08:24:57","guid":{"rendered":"https:\/\/www.abchukuk.com\/index.php\/2025\/09\/19\/yahsihan-belediye-baskani-ahmet-sungur-gozaltinda-ak-partiden-aciklama\/"},"modified":"2025-09-19T08:24:57","modified_gmt":"2025-09-19T08:24:57","slug":"yahsihan-belediye-baskani-ahmet-sungur-gozaltinda-ak-partiden-aciklama","status":"publish","type":"post","link":"https:\/\/www.abchukuk.com\/index.php\/2025\/09\/19\/yahsihan-belediye-baskani-ahmet-sungur-gozaltinda-ak-partiden-aciklama\/","title":{"rendered":"Yah\u015fihan Belediye Ba\u015fkan\u0131 Ahmet Sungur g\u00f6zalt\u0131nda: AK Parti&#8217;den a\u00e7\u0131klama"},"content":{"rendered":"<p>K\u0131r\u0131kkale Cumhuriyet Ba\u015fsavc\u0131l\u0131\u011f\u0131 taraf\u0131ndan y\u00fcr\u00fct\u00fclen irtikap soru\u015fturmas\u0131 kapsam\u0131nda Yah\u015fihan Belediye Ba\u015fkan\u0131 Ahmet Sungur sabah saatlerinde g\u00f6zalt\u0131na al\u0131nd\u0131. Aralar\u0131nda belediye personeli ve i\u015f insanlar\u0131n\u0131n da bulundu\u011fu 8 ki\u015fi emniyete g\u00f6t\u00fcr\u00fcld\u00fc. AK Parti, Sungur\u2019un tedbirli ihrac\u0131 i\u00e7in Merkez Disiplin Kurulu\u2019na sevk edildi\u011fini duyurdu.K\u0131r\u0131kkale Cumhuriyet Ba\u015fsavc\u0131l\u0131\u011f\u0131 taraf\u0131ndan y\u00fcr\u00fct\u00fclen irtikap soru\u015fturmas\u0131 kapsam\u0131nda Yah\u015fihan Belediye Ba\u015fkan\u0131 Ahmet Sungur sabah saatlerinde g\u00f6zalt\u0131na al\u0131nd\u0131. Aralar\u0131nda belediye personeli ve i\u015f insanlar\u0131n\u0131n da bulundu\u011fu 8 ki\u015fi emniyete g\u00f6t\u00fcr\u00fcld\u00fc. AK Parti, Sungur\u2019un tedbirli ihrac\u0131 i\u00e7in Merkez Disiplin Kurulu\u2019na sevk edildi\u011fini duyurdu.\u00a0<a href=\"https:\/\/anlatilaninotesi.com.tr\/20250919\/yahsihan-belediye-baskani-ahmet-sungur-gozaltinda-ak-partiden-aciklama-1099500277.html\" target=\"_blank\" class=\"feedzy-rss-link-icon\">Read More<\/a><\/p>","protected":false},"excerpt":{"rendered":"<p>K\u0131r\u0131kkale Cumhuriyet Ba\u015fsavc\u0131l\u0131\u011f\u0131 taraf\u0131ndan y\u00fcr\u00fct\u00fclen irtikap soru\u015fturmas\u0131 kapsam\u0131nda Yah\u015fihan Belediye Ba\u015fkan\u0131 Ahmet Sungur sabah saatlerinde g\u00f6zalt\u0131na al\u0131nd\u0131. Aralar\u0131nda belediye personeli ve i\u015f insanlar\u0131n\u0131n da bulundu\u011fu 8 ki\u015fi emniyete g\u00f6t\u00fcr\u00fcld\u00fc. AK Parti, Sungur\u2019un tedbirli ihrac\u0131 i\u00e7in Merkez Disiplin Kurulu\u2019na sevk edildi\u011fini duyurdu.K\u0131r\u0131kkale Cumhuriyet Ba\u015fsavc\u0131l\u0131\u011f\u0131 taraf\u0131ndan y\u00fcr\u00fct\u00fclen irtikap soru\u015fturmas\u0131 kapsam\u0131nda Yah\u015fihan Belediye Ba\u015fkan\u0131 Ahmet Sungur sabah saatlerinde [&hellip;]<\/p>\n","protected":false},"author":1,"featured_media":0,"comment_status":"open","ping_status":"open","sticky":false,"template":"","format":"standard","meta":{"footnotes":"","_links_to":"","_links_to_target":""},"categories":[1],"tags":[],"class_list":["post-5686","post","type-post","status-publish","format-standard","hentry","category-haberler"],"_links":{"self":[{"href":"https:\/\/www.abchukuk.com\/index.php\/wp-json\/wp\/v2\/posts\/5686","targetHints":{"allow":["GET"]}}],"collection":[{"href":"https:\/\/www.abchukuk.com\/index.php\/wp-json\/wp\/v2\/posts"}],"about":[{"href":"https:\/\/www.abchukuk.com\/index.php\/wp-json\/wp\/v2\/types\/post"}],"author":[{"embeddable":true,"href":"https:\/\/www.abchukuk.com\/index.php\/wp-json\/wp\/v2\/users\/1"}],"replies":[{"embeddable":true,"href":"https:\/\/www.abchukuk.com\/index.php\/wp-json\/wp\/v2\/comments?post=5686"}],"version-history":[{"count":0,"href":"https:\/\/www.abchukuk.com\/index.php\/wp-json\/wp\/v2\/posts\/5686\/revisions"}],"wp:attachment":[{"href":"https:\/\/www.abchukuk.com\/index.php\/wp-json\/wp\/v2\/media?parent=5686"}],"wp:term":[{"taxonomy":"category","embeddable":true,"href":"https:\/\/www.abchukuk.com\/index.php\/wp-json\/wp\/v2\/categories?post=5686"},{"taxonomy":"post_tag","embeddable":true,"href":"https:\/\/www.abchukuk.com\/index.php\/wp-json\/wp\/v2\/tags?post=5686"}],"curies":[{"name":"wp","href":"https:\/\/api.w.org\/{rel}","templated":true}]}}