{"id":5682,"date":"2025-09-19T08:43:00","date_gmt":"2025-09-19T08:43:00","guid":{"rendered":"https:\/\/www.abchukuk.com\/index.php\/2025\/09\/19\/koycegizde-alevlerle-mucadele-58-ev-bosaltildi-173-kisi-tahliye-edildi\/"},"modified":"2025-09-19T08:43:00","modified_gmt":"2025-09-19T08:43:00","slug":"koycegizde-alevlerle-mucadele-58-ev-bosaltildi-173-kisi-tahliye-edildi","status":"publish","type":"post","link":"https:\/\/www.abchukuk.com\/index.php\/2025\/09\/19\/koycegizde-alevlerle-mucadele-58-ev-bosaltildi-173-kisi-tahliye-edildi\/","title":{"rendered":"K\u00f6yce\u011fiz&#8217;de alevlerle m\u00fccadele&#8230; 58 ev bo\u015falt\u0131ld\u0131, 173 ki\u015fi tahliye edildi!"},"content":{"rendered":"<p>Mu\u011fla&#8217;n\u0131n K\u00f6yce\u011fiz il\u00e7esinde \u00e7\u0131kan orman yang\u0131n\u0131nda alevlere m\u00fcdahale havadan ve karadan s\u00fcrerken tedbir amac\u0131yla 58 ev ev bo\u015falt\u0131ld\u0131, 173 ki\u015fi g\u00fcvenli b\u00f6lgelere tahliye edildi.Mu\u011fla&#8217;n\u0131n K\u00f6yce\u011fiz il\u00e7esinde \u00e7\u0131kan orman yang\u0131n\u0131nda alevlere m\u00fcdahale havadan ve karadan s\u00fcrerken tedbir amac\u0131yla 58 ev ev bo\u015falt\u0131ld\u0131, 173 ki\u015fi g\u00fcvenli b\u00f6lgelere tahliye edildi.\u00a0<a href=\"https:\/\/www.cumhuriyet.com.tr\/turkiye\/koycegiz-de-alevlerle-mucadele-58-ev-bosaltildi-173-kisi-tahliye-edildi-2436453\" target=\"_blank\" class=\"feedzy-rss-link-icon\">Read More<\/a><\/p>","protected":false},"excerpt":{"rendered":"<p>Mu\u011fla&#8217;n\u0131n K\u00f6yce\u011fiz il\u00e7esinde \u00e7\u0131kan orman yang\u0131n\u0131nda alevlere m\u00fcdahale havadan ve karadan s\u00fcrerken tedbir amac\u0131yla 58 ev ev bo\u015falt\u0131ld\u0131, 173 ki\u015fi g\u00fcvenli b\u00f6lgelere tahliye edildi.Mu\u011fla&#8217;n\u0131n K\u00f6yce\u011fiz il\u00e7esinde \u00e7\u0131kan orman yang\u0131n\u0131nda alevlere m\u00fcdahale havadan ve karadan s\u00fcrerken tedbir amac\u0131yla 58 ev ev bo\u015falt\u0131ld\u0131, 173 ki\u015fi g\u00fcvenli b\u00f6lgelere tahliye edildi.\u00a0Read More<\/p>\n","protected":false},"author":1,"featured_media":5683,"comment_status":"open","ping_status":"open","sticky":false,"template":"","format":"standard","meta":{"footnotes":"","_links_to":"","_links_to_target":""},"categories":[1],"tags":[],"class_list":["post-5682","post","type-post","status-publish","format-standard","has-post-thumbnail","hentry","category-haberler"],"_links":{"self":[{"href":"https:\/\/www.abchukuk.com\/index.php\/wp-json\/wp\/v2\/posts\/5682","targetHints":{"allow":["GET"]}}],"collection":[{"href":"https:\/\/www.abchukuk.com\/index.php\/wp-json\/wp\/v2\/posts"}],"about":[{"href":"https:\/\/www.abchukuk.com\/index.php\/wp-json\/wp\/v2\/types\/post"}],"author":[{"embeddable":true,"href":"https:\/\/www.abchukuk.com\/index.php\/wp-json\/wp\/v2\/users\/1"}],"replies":[{"embeddable":true,"href":"https:\/\/www.abchukuk.com\/index.php\/wp-json\/wp\/v2\/comments?post=5682"}],"version-history":[{"count":0,"href":"https:\/\/www.abchukuk.com\/index.php\/wp-json\/wp\/v2\/posts\/5682\/revisions"}],"wp:featuredmedia":[{"embeddable":true,"href":"https:\/\/www.abchukuk.com\/index.php\/wp-json\/wp\/v2\/media\/5683"}],"wp:attachment":[{"href":"https:\/\/www.abchukuk.com\/index.php\/wp-json\/wp\/v2\/media?parent=5682"}],"wp:term":[{"taxonomy":"category","embeddable":true,"href":"https:\/\/www.abchukuk.com\/index.php\/wp-json\/wp\/v2\/categories?post=5682"},{"taxonomy":"post_tag","embeddable":true,"href":"https:\/\/www.abchukuk.com\/index.php\/wp-json\/wp\/v2\/tags?post=5682"}],"curies":[{"name":"wp","href":"https:\/\/api.w.org\/{rel}","templated":true}]}}