{"id":5678,"date":"2025-09-19T07:04:52","date_gmt":"2025-09-19T07:04:52","guid":{"rendered":"https:\/\/www.abchukuk.com\/index.php\/2025\/09\/19\/yapay-zeka-bakan-meclisi-karistirdi-basbakana-anayasa-firlatildi\/"},"modified":"2025-09-19T07:04:52","modified_gmt":"2025-09-19T07:04:52","slug":"yapay-zeka-bakan-meclisi-karistirdi-basbakana-anayasa-firlatildi","status":"publish","type":"post","link":"https:\/\/www.abchukuk.com\/index.php\/2025\/09\/19\/yapay-zeka-bakan-meclisi-karistirdi-basbakana-anayasa-firlatildi\/","title":{"rendered":"Yapay Zeka Bakan, Meclis&#8217;i Kar\u0131\u015ft\u0131rd\u0131: Ba\u015fbakan&#8217;a Anayasa F\u0131rlat\u0131ld\u0131"},"content":{"rendered":"<p><a href=\"https:\/\/www.gercekgundem.com\/dunya\/yapay-zeka-bakan-meclisi-karistirdi-basbakana-anayasa-firlatildi-555972\"><br \/>\n                                                            <img decoding=\"async\" src=\"https:\/\/i.gercekgundem.com\/2\/150\/84\/storage\/files\/images\/2025\/09\/19\/yapay-zeka-bakan-meclisi-karistirdi-basbakana-anayasa-firlatildi-hypv.jpg\" width=\"150\" height=\"84\" border=\"0\" align=\"right\" \/><br \/>\n                                                    <\/a><\/p>\n<h4>Arnavutluk Ba\u015fbakan\u0131 Edi Rama, tarihte bir ilke imza atarak Diella adl\u0131 yapay zekay\u0131 bakan olarak atad\u0131. Yapay zeka, kamu ihalelerinin \u015feffafl\u0131\u011f\u0131n\u0131 sa\u011flamakla g\u00f6revlendirildi ve parlamentoda ilk kez konu\u015ftu. Muhalefet ise atamaya tepki g\u00f6stererek, anayasay\u0131 Ba\u015fbakan\u2019\u0131n \u00fczerine f\u0131rlatt\u0131.<\/h4>\n<p>Arnavutluk Ba\u015fbakan\u0131 Edi Rama, tarihte bir ilke imza atarak Diella adl\u0131 yapay zekay\u0131 bakan olarak atad\u0131. Yapay zeka, kamu ihalelerinin \u015feffafl\u0131\u011f\u0131n\u0131 sa\u011flamakla g\u00f6revlendirildi ve parlamentoda ilk kez konu\u015ftu. Muhalefet ise atamaya tepki g\u00f6stererek, anayasay\u0131 Ba\u015fbakan\u2019\u0131n \u00fczerine f\u0131rlatt\u0131.\u00a0<a href=\"https:\/\/www.gercekgundem.com\/dunya\/yapay-zeka-bakan-meclisi-karistirdi-basbakana-anayasa-firlatildi-555972\" target=\"_blank\" class=\"feedzy-rss-link-icon\">Read More<\/a><\/p>","protected":false},"excerpt":{"rendered":"<p>Arnavutluk Ba\u015fbakan\u0131 Edi Rama, tarihte bir ilke imza atarak Diella adl\u0131 yapay zekay\u0131 bakan olarak atad\u0131. Yapay zeka, kamu ihalelerinin \u015feffafl\u0131\u011f\u0131n\u0131 sa\u011flamakla g\u00f6revlendirildi ve parlamentoda ilk kez konu\u015ftu. Muhalefet ise atamaya tepki g\u00f6stererek, anayasay\u0131 Ba\u015fbakan\u2019\u0131n \u00fczerine f\u0131rlatt\u0131. Arnavutluk Ba\u015fbakan\u0131 Edi Rama, tarihte bir ilke imza atarak Diella adl\u0131 yapay zekay\u0131 bakan olarak atad\u0131. Yapay zeka, [&hellip;]<\/p>\n","protected":false},"author":1,"featured_media":5679,"comment_status":"open","ping_status":"open","sticky":false,"template":"","format":"standard","meta":{"footnotes":"","_links_to":"","_links_to_target":""},"categories":[1],"tags":[],"class_list":["post-5678","post","type-post","status-publish","format-standard","has-post-thumbnail","hentry","category-haberler"],"_links":{"self":[{"href":"https:\/\/www.abchukuk.com\/index.php\/wp-json\/wp\/v2\/posts\/5678","targetHints":{"allow":["GET"]}}],"collection":[{"href":"https:\/\/www.abchukuk.com\/index.php\/wp-json\/wp\/v2\/posts"}],"about":[{"href":"https:\/\/www.abchukuk.com\/index.php\/wp-json\/wp\/v2\/types\/post"}],"author":[{"embeddable":true,"href":"https:\/\/www.abchukuk.com\/index.php\/wp-json\/wp\/v2\/users\/1"}],"replies":[{"embeddable":true,"href":"https:\/\/www.abchukuk.com\/index.php\/wp-json\/wp\/v2\/comments?post=5678"}],"version-history":[{"count":0,"href":"https:\/\/www.abchukuk.com\/index.php\/wp-json\/wp\/v2\/posts\/5678\/revisions"}],"wp:featuredmedia":[{"embeddable":true,"href":"https:\/\/www.abchukuk.com\/index.php\/wp-json\/wp\/v2\/media\/5679"}],"wp:attachment":[{"href":"https:\/\/www.abchukuk.com\/index.php\/wp-json\/wp\/v2\/media?parent=5678"}],"wp:term":[{"taxonomy":"category","embeddable":true,"href":"https:\/\/www.abchukuk.com\/index.php\/wp-json\/wp\/v2\/categories?post=5678"},{"taxonomy":"post_tag","embeddable":true,"href":"https:\/\/www.abchukuk.com\/index.php\/wp-json\/wp\/v2\/tags?post=5678"}],"curies":[{"name":"wp","href":"https:\/\/api.w.org\/{rel}","templated":true}]}}