{"id":5676,"date":"2025-09-19T05:58:00","date_gmt":"2025-09-19T05:58:00","guid":{"rendered":"https:\/\/www.abchukuk.com\/index.php\/2025\/09\/19\/son-dakika-akpli-yahsihan-belediye-baskani-ahmet-sungur-gozaltina-alindi\/"},"modified":"2025-09-19T05:58:00","modified_gmt":"2025-09-19T05:58:00","slug":"son-dakika-akpli-yahsihan-belediye-baskani-ahmet-sungur-gozaltina-alindi","status":"publish","type":"post","link":"https:\/\/www.abchukuk.com\/index.php\/2025\/09\/19\/son-dakika-akpli-yahsihan-belediye-baskani-ahmet-sungur-gozaltina-alindi\/","title":{"rendered":"Son dakika&#8230; AKP&#8217;li Yah\u015fihan Belediye Ba\u015fkan\u0131 Ahmet Sungur g\u00f6zalt\u0131na al\u0131nd\u0131!"},"content":{"rendered":"<p>Son dakika haberi&#8230; K\u0131r\u0131kkale&#8217;de Yah\u015fihan Belediye Ba\u015fkan\u0131 Ahmet Sungur, polis ekipleri taraf\u0131ndan g\u00f6zalt\u0131na al\u0131nd\u0131. Operasyonda Sungur&#8217;un yan\u0131 s\u0131ra i\u015f insanlar\u0131n\u0131n da aralar\u0131nda bulundu\u011fu 8 ki\u015finin g\u00f6zalt\u0131na al\u0131nd\u0131\u011f\u0131 aktar\u0131ld\u0131.Son dakika haberi&#8230; K\u0131r\u0131kkale&#8217;de Yah\u015fihan Belediye Ba\u015fkan\u0131 Ahmet Sungur, polis ekipleri taraf\u0131ndan g\u00f6zalt\u0131na al\u0131nd\u0131. Operasyonda Sungur&#8217;un yan\u0131 s\u0131ra i\u015f insanlar\u0131n\u0131n da aralar\u0131nda bulundu\u011fu 8 ki\u015finin g\u00f6zalt\u0131na al\u0131nd\u0131\u011f\u0131 aktar\u0131ld\u0131.\u00a0<a href=\"https:\/\/www.cumhuriyet.com.tr\/turkiye\/son-dakika-akp-li-belediye-baskani-ahmet-sungur-gozaltina-alindi-2436404\" target=\"_blank\" class=\"feedzy-rss-link-icon\">Read More<\/a><\/p>","protected":false},"excerpt":{"rendered":"<p>Son dakika haberi&#8230; K\u0131r\u0131kkale&#8217;de Yah\u015fihan Belediye Ba\u015fkan\u0131 Ahmet Sungur, polis ekipleri taraf\u0131ndan g\u00f6zalt\u0131na al\u0131nd\u0131. Operasyonda Sungur&#8217;un yan\u0131 s\u0131ra i\u015f insanlar\u0131n\u0131n da aralar\u0131nda bulundu\u011fu 8 ki\u015finin g\u00f6zalt\u0131na al\u0131nd\u0131\u011f\u0131 aktar\u0131ld\u0131.Son dakika haberi&#8230; K\u0131r\u0131kkale&#8217;de Yah\u015fihan Belediye Ba\u015fkan\u0131 Ahmet Sungur, polis ekipleri taraf\u0131ndan g\u00f6zalt\u0131na al\u0131nd\u0131. Operasyonda Sungur&#8217;un yan\u0131 s\u0131ra i\u015f insanlar\u0131n\u0131n da aralar\u0131nda bulundu\u011fu 8 ki\u015finin g\u00f6zalt\u0131na al\u0131nd\u0131\u011f\u0131 aktar\u0131ld\u0131.\u00a0Read [&hellip;]<\/p>\n","protected":false},"author":1,"featured_media":5677,"comment_status":"open","ping_status":"open","sticky":false,"template":"","format":"standard","meta":{"footnotes":"","_links_to":"","_links_to_target":""},"categories":[1],"tags":[],"class_list":["post-5676","post","type-post","status-publish","format-standard","has-post-thumbnail","hentry","category-haberler"],"_links":{"self":[{"href":"https:\/\/www.abchukuk.com\/index.php\/wp-json\/wp\/v2\/posts\/5676","targetHints":{"allow":["GET"]}}],"collection":[{"href":"https:\/\/www.abchukuk.com\/index.php\/wp-json\/wp\/v2\/posts"}],"about":[{"href":"https:\/\/www.abchukuk.com\/index.php\/wp-json\/wp\/v2\/types\/post"}],"author":[{"embeddable":true,"href":"https:\/\/www.abchukuk.com\/index.php\/wp-json\/wp\/v2\/users\/1"}],"replies":[{"embeddable":true,"href":"https:\/\/www.abchukuk.com\/index.php\/wp-json\/wp\/v2\/comments?post=5676"}],"version-history":[{"count":0,"href":"https:\/\/www.abchukuk.com\/index.php\/wp-json\/wp\/v2\/posts\/5676\/revisions"}],"wp:featuredmedia":[{"embeddable":true,"href":"https:\/\/www.abchukuk.com\/index.php\/wp-json\/wp\/v2\/media\/5677"}],"wp:attachment":[{"href":"https:\/\/www.abchukuk.com\/index.php\/wp-json\/wp\/v2\/media?parent=5676"}],"wp:term":[{"taxonomy":"category","embeddable":true,"href":"https:\/\/www.abchukuk.com\/index.php\/wp-json\/wp\/v2\/categories?post=5676"},{"taxonomy":"post_tag","embeddable":true,"href":"https:\/\/www.abchukuk.com\/index.php\/wp-json\/wp\/v2\/tags?post=5676"}],"curies":[{"name":"wp","href":"https:\/\/api.w.org\/{rel}","templated":true}]}}