{"id":5672,"date":"2025-09-19T06:44:00","date_gmt":"2025-09-19T06:44:00","guid":{"rendered":"https:\/\/www.abchukuk.com\/index.php\/2025\/09\/19\/ozlem-bayraktar-apartmani-davasi-kamu-gorevlileri-yeni-bilirkisi-raporunda-yer-almadi\/"},"modified":"2025-09-19T06:44:00","modified_gmt":"2025-09-19T06:44:00","slug":"ozlem-bayraktar-apartmani-davasi-kamu-gorevlileri-yeni-bilirkisi-raporunda-yer-almadi","status":"publish","type":"post","link":"https:\/\/www.abchukuk.com\/index.php\/2025\/09\/19\/ozlem-bayraktar-apartmani-davasi-kamu-gorevlileri-yeni-bilirkisi-raporunda-yer-almadi\/","title":{"rendered":"\u00d6zlem Bayraktar Apartman\u0131 davas\u0131&#8230; Kamu g\u00f6revlileri yeni bilirki\u015fi raporunda yer almad\u0131!"},"content":{"rendered":"<p>6 \u015eubat depremlerinde y\u0131k\u0131lan ve 29 ki\u015finin ya\u015fam\u0131n\u0131 yitirdi\u011fi \u00d6zlem Bayraktar Apartman\u0131&#8217;na ili\u015fkin \u00fc\u00e7\u00fcnc\u00fc bilirki\u015fi raporunda, yap\u0131 m\u00fcteahhidi, \u015fantiye \u015fefi, statik proje m\u00fcellifi, statik fenni mesul ve g\u00f6revli m\u00fchendisler &#8220;asli kusurlu&#8221; bulundu. \u0130lk iki raporda &#8220;tali kusurlu&#8221; bulunan belediye g\u00f6revlileriyle ilgili ise son raporda herhangi bir tespit yer almad\u0131.6 \u015eubat depremlerinde y\u0131k\u0131lan ve 29 ki\u015finin ya\u015fam\u0131n\u0131 yitirdi\u011fi \u00d6zlem Bayraktar Apartman\u0131&#8217;na ili\u015fkin \u00fc\u00e7\u00fcnc\u00fc bilirki\u015fi raporunda, yap\u0131 m\u00fcteahhidi, \u015fantiye \u015fefi, statik proje m\u00fcellifi, statik fenni mesul ve g\u00f6revli m\u00fchendisler &#8220;asli kusurlu&#8221; bulundu. \u0130lk iki raporda &#8220;tali kusurlu&#8221; bulunan belediye g\u00f6revlileriyle ilgili ise son raporda herhangi bir tespit yer almad\u0131.\u00a0<a href=\"https:\/\/www.cumhuriyet.com.tr\/siyaset\/ozlem-bayraktar-apartmani-davasi-kamu-gorevlileri-yeni-bilirkisi-raporunda-yer-almadi-2436415\" target=\"_blank\" class=\"feedzy-rss-link-icon\">Read More<\/a><\/p>","protected":false},"excerpt":{"rendered":"<p>6 \u015eubat depremlerinde y\u0131k\u0131lan ve 29 ki\u015finin ya\u015fam\u0131n\u0131 yitirdi\u011fi \u00d6zlem Bayraktar Apartman\u0131&#8217;na ili\u015fkin \u00fc\u00e7\u00fcnc\u00fc bilirki\u015fi raporunda, yap\u0131 m\u00fcteahhidi, \u015fantiye \u015fefi, statik proje m\u00fcellifi, statik fenni mesul ve g\u00f6revli m\u00fchendisler &#8220;asli kusurlu&#8221; bulundu. \u0130lk iki raporda &#8220;tali kusurlu&#8221; bulunan belediye g\u00f6revlileriyle ilgili ise son raporda herhangi bir tespit yer almad\u0131.6 \u015eubat depremlerinde y\u0131k\u0131lan ve 29 ki\u015finin [&hellip;]<\/p>\n","protected":false},"author":1,"featured_media":5673,"comment_status":"open","ping_status":"open","sticky":false,"template":"","format":"standard","meta":{"footnotes":"","_links_to":"","_links_to_target":""},"categories":[1],"tags":[],"class_list":["post-5672","post","type-post","status-publish","format-standard","has-post-thumbnail","hentry","category-haberler"],"_links":{"self":[{"href":"https:\/\/www.abchukuk.com\/index.php\/wp-json\/wp\/v2\/posts\/5672","targetHints":{"allow":["GET"]}}],"collection":[{"href":"https:\/\/www.abchukuk.com\/index.php\/wp-json\/wp\/v2\/posts"}],"about":[{"href":"https:\/\/www.abchukuk.com\/index.php\/wp-json\/wp\/v2\/types\/post"}],"author":[{"embeddable":true,"href":"https:\/\/www.abchukuk.com\/index.php\/wp-json\/wp\/v2\/users\/1"}],"replies":[{"embeddable":true,"href":"https:\/\/www.abchukuk.com\/index.php\/wp-json\/wp\/v2\/comments?post=5672"}],"version-history":[{"count":0,"href":"https:\/\/www.abchukuk.com\/index.php\/wp-json\/wp\/v2\/posts\/5672\/revisions"}],"wp:featuredmedia":[{"embeddable":true,"href":"https:\/\/www.abchukuk.com\/index.php\/wp-json\/wp\/v2\/media\/5673"}],"wp:attachment":[{"href":"https:\/\/www.abchukuk.com\/index.php\/wp-json\/wp\/v2\/media?parent=5672"}],"wp:term":[{"taxonomy":"category","embeddable":true,"href":"https:\/\/www.abchukuk.com\/index.php\/wp-json\/wp\/v2\/categories?post=5672"},{"taxonomy":"post_tag","embeddable":true,"href":"https:\/\/www.abchukuk.com\/index.php\/wp-json\/wp\/v2\/tags?post=5672"}],"curies":[{"name":"wp","href":"https:\/\/api.w.org\/{rel}","templated":true}]}}